{"id":581,"date":"2025-04-07T09:57:35","date_gmt":"2025-04-07T07:57:35","guid":{"rendered":"https:\/\/agence31-architecte.fr\/?p=581"},"modified":"2025-06-20T11:05:41","modified_gmt":"2025-06-20T09:05:41","slug":"atelier-de-boulangerie-la-madeleine","status":"publish","type":"post","link":"http:\/\/agence31-architecte.fr\/?p=581","title":{"rendered":"Atelier de boulangerie \/ LA MADELEINE"},"content":{"rendered":"\n<p class=\"has-text-align-center\"><strong>Permis obtenu en janvier 2025<\/strong><\/p>\n\n\n\n<ul class=\"wp-block-list\">\n<li><strong>Programme:<\/strong> R\u00e9habilitation d&rsquo;un ancien local d&rsquo;activit\u00e9s en atelier de boulangerie<\/li>\n\n\n\n<li><strong>Lieu: <\/strong>LA MADELEINE (59)<\/li>\n\n\n\n<li><strong>Ma\u00eetre d&rsquo;ouvrage<\/strong>: <a href=\"https:\/\/boulangerieateliersaveurs.fr\/\">L&rsquo;Atelier des Saveurs<\/a><\/li>\n\n\n\n<li><strong>Missions:<\/strong> Etudes \/ Permis de Construire<\/li>\n\n\n\n<li><strong>Surface totale:<\/strong> 260m\u00b2 SP<\/li>\n<\/ul>\n\n\n\n<p>Ce projet redonne vie \u00e0 un ancien local d&rsquo;activit\u00e9s en angle et fait la part belle \u00e0 l&rsquo;existant au volume, \u00e0 la lumi\u00e8re et aux mat\u00e9riaux existants. <\/p>\n\n\n\n<figure class=\"wp-block-image size-large\"><img loading=\"lazy\" decoding=\"async\" width=\"1024\" height=\"630\" src=\"https:\/\/agence31-architecte.fr\/wp-content\/uploads\/2025\/04\/Image2-1-1024x630.png\" alt=\"\" class=\"wp-image-622\" srcset=\"http:\/\/agence31-architecte.fr\/wp-content\/uploads\/2025\/04\/Image2-1-1024x630.png 1024w, http:\/\/agence31-architecte.fr\/wp-content\/uploads\/2025\/04\/Image2-1-300x185.png 300w, http:\/\/agence31-architecte.fr\/wp-content\/uploads\/2025\/04\/Image2-1-768x472.png 768w, http:\/\/agence31-architecte.fr\/wp-content\/uploads\/2025\/04\/Image2-1-1536x945.png 1536w, http:\/\/agence31-architecte.fr\/wp-content\/uploads\/2025\/04\/Image2-1-2048x1260.png 2048w\" sizes=\"auto, (max-width: 1024px) 100vw, 1024px\" \/><\/figure>\n\n\n\n<figure class=\"wp-block-image size-large\"><img loading=\"lazy\" decoding=\"async\" width=\"1024\" height=\"576\" src=\"https:\/\/agence31-architecte.fr\/wp-content\/uploads\/2025\/04\/Image3-1-1024x576.png\" alt=\"\" class=\"wp-image-626\" srcset=\"http:\/\/agence31-architecte.fr\/wp-content\/uploads\/2025\/04\/Image3-1-1024x576.png 1024w, http:\/\/agence31-architecte.fr\/wp-content\/uploads\/2025\/04\/Image3-1-300x169.png 300w, http:\/\/agence31-architecte.fr\/wp-content\/uploads\/2025\/04\/Image3-1-768x432.png 768w, http:\/\/agence31-architecte.fr\/wp-content\/uploads\/2025\/04\/Image3-1-1536x864.png 1536w, http:\/\/agence31-architecte.fr\/wp-content\/uploads\/2025\/04\/Image3-1-2048x1152.png 2048w\" sizes=\"auto, (max-width: 1024px) 100vw, 1024px\" \/><\/figure>\n\n\n\n<p class=\"has-text-align-center\"><em>Merci \u00e0 notre stagiaire Chine pour ces images mises \u00e0 jour sur Twinmotion !<\/em><\/p>\n\n\n\n<p><\/p>\n","protected":false},"excerpt":{"rendered":"<p>Permis obtenu en janvier 2025 Ce projet redonne vie \u00e0 un ancien local d&rsquo;activit\u00e9s en angle et fait la part belle \u00e0 l&rsquo;existant au volume, \u00e0 la lumi\u00e8re et aux mat\u00e9riaux existants. Merci \u00e0 notre stagiaire Chine pour ces images mises \u00e0 jour sur Twinmotion !<\/p>\n","protected":false},"author":1,"featured_media":621,"comment_status":"closed","ping_status":"open","sticky":false,"template":"","format":"standard","meta":{"neve_meta_sidebar":"","neve_meta_container":"","neve_meta_enable_content_width":"","neve_meta_content_width":0,"neve_meta_title_alignment":"","neve_meta_author_avatar":"","neve_post_elements_order":"","neve_meta_disable_header":"","neve_meta_disable_footer":"","neve_meta_disable_title":"","footnotes":""},"categories":[12,15],"tags":[],"class_list":["post-581","post","type-post","status-publish","format-standard","has-post-thumbnail","hentry","category-activite","category-projets"],"_links":{"self":[{"href":"http:\/\/agence31-architecte.fr\/index.php?rest_route=\/wp\/v2\/posts\/581","targetHints":{"allow":["GET"]}}],"collection":[{"href":"http:\/\/agence31-architecte.fr\/index.php?rest_route=\/wp\/v2\/posts"}],"about":[{"href":"http:\/\/agence31-architecte.fr\/index.php?rest_route=\/wp\/v2\/types\/post"}],"author":[{"embeddable":true,"href":"http:\/\/agence31-architecte.fr\/index.php?rest_route=\/wp\/v2\/users\/1"}],"replies":[{"embeddable":true,"href":"http:\/\/agence31-architecte.fr\/index.php?rest_route=%2Fwp%2Fv2%2Fcomments&post=581"}],"version-history":[{"count":6,"href":"http:\/\/agence31-architecte.fr\/index.php?rest_route=\/wp\/v2\/posts\/581\/revisions"}],"predecessor-version":[{"id":628,"href":"http:\/\/agence31-architecte.fr\/index.php?rest_route=\/wp\/v2\/posts\/581\/revisions\/628"}],"wp:featuredmedia":[{"embeddable":true,"href":"http:\/\/agence31-architecte.fr\/index.php?rest_route=\/wp\/v2\/media\/621"}],"wp:attachment":[{"href":"http:\/\/agence31-architecte.fr\/index.php?rest_route=%2Fwp%2Fv2%2Fmedia&parent=581"}],"wp:term":[{"taxonomy":"category","embeddable":true,"href":"http:\/\/agence31-architecte.fr\/index.php?rest_route=%2Fwp%2Fv2%2Fcategories&post=581"},{"taxonomy":"post_tag","embeddable":true,"href":"http:\/\/agence31-architecte.fr\/index.php?rest_route=%2Fwp%2Fv2%2Ftags&post=581"}],"curies":[{"name":"wp","href":"https:\/\/api.w.org\/{rel}","templated":true}]}}