{"id":601,"date":"2025-04-07T13:43:48","date_gmt":"2025-04-07T11:43:48","guid":{"rendered":"https:\/\/agence31-architecte.fr\/?p=601"},"modified":"2025-06-20T11:06:00","modified_gmt":"2025-06-20T09:06:00","slug":"epicerie-engagee-templeuve","status":"publish","type":"post","link":"http:\/\/agence31-architecte.fr\/?p=601","title":{"rendered":"Epicerie engag\u00e9e \/ TEMPLEUVE"},"content":{"rendered":"\n<p class=\"has-text-align-center\"><strong>Permis obtenu en janvier 2025<\/strong><\/p>\n\n\n\n<ul class=\"wp-block-list\">\n<li><strong>Programme:<\/strong> Cr\u00e9ation d&rsquo;un commerce de vente par la r\u00e9habilitation et l&rsquo;extension d&rsquo;un ancien abattoir <\/li>\n\n\n\n<li><strong>Lieu: <\/strong>TEMPLEUVE-EN-PEVELE (59)<\/li>\n\n\n\n<li><strong>Ma\u00eetre d&rsquo;ouvrage:<\/strong> <a href=\"https:\/\/www.toucherterre.fr\/\">Toucher Terre<\/a><\/li>\n\n\n\n<li><strong>Missions:<\/strong> Etudes \/ Permis de Construire<\/li>\n\n\n\n<li><strong>Surface totale:<\/strong> 95m\u00b2 SP<\/li>\n<\/ul>\n\n\n\n<p>Il s\u2019agit dans ce projet de conserver la lecture des volumes existants, tout en cr\u00e9ant un commerce en RDC. Cet agrandissement permet de rendre visible le nouveau commerce depuis la rue et de cr\u00e9er un v\u00e9ritable espace de vente, vaste, lumineux et a\u00e9r\u00e9.             Le b\u00e2timent en RDC+comble servira quant \u00e0 lui d\u2019accroche visuelle pour l\u2019une des enseignes.<\/p>\n\n\n\n<figure class=\"wp-block-image size-large\"><img loading=\"lazy\" decoding=\"async\" width=\"1024\" height=\"576\" src=\"http:\/\/agence31-architecte.fr\/wp-content\/uploads\/2025\/04\/Image1-1024x576.png\" alt=\"\" class=\"wp-image-613\" srcset=\"http:\/\/agence31-architecte.fr\/wp-content\/uploads\/2025\/04\/Image1-1024x576.png 1024w, http:\/\/agence31-architecte.fr\/wp-content\/uploads\/2025\/04\/Image1-300x169.png 300w, http:\/\/agence31-architecte.fr\/wp-content\/uploads\/2025\/04\/Image1-768x432.png 768w, http:\/\/agence31-architecte.fr\/wp-content\/uploads\/2025\/04\/Image1-1536x864.png 1536w, http:\/\/agence31-architecte.fr\/wp-content\/uploads\/2025\/04\/Image1-2048x1152.png 2048w\" sizes=\"auto, (max-width: 1024px) 100vw, 1024px\" \/><\/figure>\n\n\n\n<figure class=\"wp-block-image size-large\"><img loading=\"lazy\" decoding=\"async\" width=\"1024\" height=\"576\" src=\"http:\/\/agence31-architecte.fr\/wp-content\/uploads\/2025\/04\/Image3-1024x576.png\" alt=\"\" class=\"wp-image-615\" srcset=\"http:\/\/agence31-architecte.fr\/wp-content\/uploads\/2025\/04\/Image3-1024x576.png 1024w, http:\/\/agence31-architecte.fr\/wp-content\/uploads\/2025\/04\/Image3-300x169.png 300w, http:\/\/agence31-architecte.fr\/wp-content\/uploads\/2025\/04\/Image3-768x432.png 768w, http:\/\/agence31-architecte.fr\/wp-content\/uploads\/2025\/04\/Image3-1536x864.png 1536w\" sizes=\"auto, (max-width: 1024px) 100vw, 1024px\" \/><\/figure>\n\n\n\n<p class=\"has-text-align-center\"><em>Merci \u00e0 notre stagiaire Chine pour ces images mises \u00e0 jour sur Twinmotion !<\/em><\/p>\n\n\n\n<p><\/p>\n","protected":false},"excerpt":{"rendered":"<p>Permis obtenu en janvier 2025 Il s\u2019agit dans ce projet de conserver la lecture des volumes existants, tout en cr\u00e9ant un commerce en RDC. Cet agrandissement permet de rendre visible le nouveau commerce depuis la rue et de cr\u00e9er un v\u00e9ritable espace de vente, vaste, lumineux et a\u00e9r\u00e9. Le b\u00e2timent en RDC+comble servira quant \u00e0&hellip;&nbsp;<a href=\"http:\/\/agence31-architecte.fr\/?p=601\" class=\"\" rel=\"bookmark\">Lire la suite &raquo;<span class=\"screen-reader-text\">Epicerie engag\u00e9e \/ TEMPLEUVE<\/span><\/a><\/p>\n","protected":false},"author":1,"featured_media":614,"comment_status":"closed","ping_status":"open","sticky":false,"template":"","format":"standard","meta":{"neve_meta_sidebar":"","neve_meta_container":"","neve_meta_enable_content_width":"","neve_meta_content_width":0,"neve_meta_title_alignment":"","neve_meta_author_avatar":"","neve_post_elements_order":"","neve_meta_disable_header":"","neve_meta_disable_footer":"","neve_meta_disable_title":"","footnotes":""},"categories":[16,15],"tags":[],"class_list":["post-601","post","type-post","status-publish","format-standard","has-post-thumbnail","hentry","category-commerces","category-projets"],"_links":{"self":[{"href":"http:\/\/agence31-architecte.fr\/index.php?rest_route=\/wp\/v2\/posts\/601","targetHints":{"allow":["GET"]}}],"collection":[{"href":"http:\/\/agence31-architecte.fr\/index.php?rest_route=\/wp\/v2\/posts"}],"about":[{"href":"http:\/\/agence31-architecte.fr\/index.php?rest_route=\/wp\/v2\/types\/post"}],"author":[{"embeddable":true,"href":"http:\/\/agence31-architecte.fr\/index.php?rest_route=\/wp\/v2\/users\/1"}],"replies":[{"embeddable":true,"href":"http:\/\/agence31-architecte.fr\/index.php?rest_route=%2Fwp%2Fv2%2Fcomments&post=601"}],"version-history":[{"count":6,"href":"http:\/\/agence31-architecte.fr\/index.php?rest_route=\/wp\/v2\/posts\/601\/revisions"}],"predecessor-version":[{"id":629,"href":"http:\/\/agence31-architecte.fr\/index.php?rest_route=\/wp\/v2\/posts\/601\/revisions\/629"}],"wp:featuredmedia":[{"embeddable":true,"href":"http:\/\/agence31-architecte.fr\/index.php?rest_route=\/wp\/v2\/media\/614"}],"wp:attachment":[{"href":"http:\/\/agence31-architecte.fr\/index.php?rest_route=%2Fwp%2Fv2%2Fmedia&parent=601"}],"wp:term":[{"taxonomy":"category","embeddable":true,"href":"http:\/\/agence31-architecte.fr\/index.php?rest_route=%2Fwp%2Fv2%2Fcategories&post=601"},{"taxonomy":"post_tag","embeddable":true,"href":"http:\/\/agence31-architecte.fr\/index.php?rest_route=%2Fwp%2Fv2%2Ftags&post=601"}],"curies":[{"name":"wp","href":"https:\/\/api.w.org\/{rel}","templated":true}]}}