{"id":646,"date":"2025-08-26T17:26:42","date_gmt":"2025-08-26T15:26:42","guid":{"rendered":"https:\/\/agence31-architecte.fr\/?p=646"},"modified":"2025-08-27T10:07:22","modified_gmt":"2025-08-27T08:07:22","slug":"extension-dune-maison-marquillies","status":"publish","type":"post","link":"http:\/\/agence31-architecte.fr\/?p=646","title":{"rendered":"Extension d&rsquo;une maison \/ MARQUILLIES"},"content":{"rendered":"\n<p class=\"has-text-align-center\"><strong>Permis obtenu en juillet 2025<\/strong><\/p>\n\n\n<div class=\"wp-block-image\">\n<figure class=\"aligncenter size-large\"><img loading=\"lazy\" decoding=\"async\" width=\"1024\" height=\"576\" src=\"https:\/\/agence31-architecte.fr\/wp-content\/uploads\/2025\/08\/IMG_0164-1024x576.jpg\" alt=\"\" class=\"wp-image-652\" srcset=\"http:\/\/agence31-architecte.fr\/wp-content\/uploads\/2025\/08\/IMG_0164-1024x576.jpg 1024w, http:\/\/agence31-architecte.fr\/wp-content\/uploads\/2025\/08\/IMG_0164-300x169.jpg 300w, http:\/\/agence31-architecte.fr\/wp-content\/uploads\/2025\/08\/IMG_0164-768x432.jpg 768w, http:\/\/agence31-architecte.fr\/wp-content\/uploads\/2025\/08\/IMG_0164-1536x864.jpg 1536w, http:\/\/agence31-architecte.fr\/wp-content\/uploads\/2025\/08\/IMG_0164-2048x1152.jpg 2048w\" sizes=\"auto, (max-width: 1024px) 100vw, 1024px\" \/><figcaption class=\"wp-element-caption\"><em>Maison existante avant travaux<\/em><\/figcaption><\/figure>\n<\/div>\n\n\n<ul class=\"wp-block-list\">\n<li><strong>Programme:<\/strong> R\u00e9novation, extension avec sur\u00e9l\u00e9vation et cr\u00e9ation d&rsquo;une piscine<\/li>\n\n\n\n<li><strong>Lieu: <\/strong>MARQUILLIES (59)<\/li>\n\n\n\n<li><strong>Ma\u00eetre d&rsquo;ouvrage<\/strong>: priv\u00e9 <\/li>\n\n\n\n<li><strong>Missions:<\/strong> Etudes \/ Permis de Construire (obtention en juillet 2025)<\/li>\n\n\n\n<li><strong>Surface totale:<\/strong> 220m\u00b2 SP<\/li>\n<\/ul>\n\n\n\n<p>La sur\u00e9l\u00e9vation concerne la premi\u00e8re partie arri\u00e8re de la maison, dans la largeur de la maison existante. L\u2019extension porte sur la fin de la partie arri\u00e8re de la maison. Elle prolonge le m\u00eame volume que l\u2019existant. Ces deux parties seront recouvertes de bardage bois avec de grandes baies pour assurer un maximum de lumi\u00e8re naturelle et profiter du paysage avoisinant.<\/p>\n\n\n<div class=\"wp-block-image\">\n<figure class=\"aligncenter size-large\"><img loading=\"lazy\" decoding=\"async\" width=\"1024\" height=\"576\" src=\"https:\/\/agence31-architecte.fr\/wp-content\/uploads\/2025\/08\/Image2_000-1024x576.jpg\" alt=\"\" class=\"wp-image-648\" srcset=\"http:\/\/agence31-architecte.fr\/wp-content\/uploads\/2025\/08\/Image2_000-1024x576.jpg 1024w, http:\/\/agence31-architecte.fr\/wp-content\/uploads\/2025\/08\/Image2_000-300x169.jpg 300w, http:\/\/agence31-architecte.fr\/wp-content\/uploads\/2025\/08\/Image2_000-768x432.jpg 768w, http:\/\/agence31-architecte.fr\/wp-content\/uploads\/2025\/08\/Image2_000-1536x864.jpg 1536w, http:\/\/agence31-architecte.fr\/wp-content\/uploads\/2025\/08\/Image2_000.jpg 1920w\" sizes=\"auto, (max-width: 1024px) 100vw, 1024px\" \/><figcaption class=\"wp-element-caption\"><em>Vue de la fa\u00e7ade avant<\/em><\/figcaption><\/figure>\n<\/div>\n\n<div class=\"wp-block-image\">\n<figure class=\"aligncenter size-large\"><img loading=\"lazy\" decoding=\"async\" width=\"1024\" height=\"795\" src=\"https:\/\/agence31-architecte.fr\/wp-content\/uploads\/2025\/08\/Plans-Int-MARQUILLIES-AG31-1024x795.jpg\" alt=\"\" class=\"wp-image-650\" srcset=\"http:\/\/agence31-architecte.fr\/wp-content\/uploads\/2025\/08\/Plans-Int-MARQUILLIES-AG31-1024x795.jpg 1024w, http:\/\/agence31-architecte.fr\/wp-content\/uploads\/2025\/08\/Plans-Int-MARQUILLIES-AG31-300x233.jpg 300w, http:\/\/agence31-architecte.fr\/wp-content\/uploads\/2025\/08\/Plans-Int-MARQUILLIES-AG31-768x596.jpg 768w, http:\/\/agence31-architecte.fr\/wp-content\/uploads\/2025\/08\/Plans-Int-MARQUILLIES-AG31-1536x1192.jpg 1536w, http:\/\/agence31-architecte.fr\/wp-content\/uploads\/2025\/08\/Plans-Int-MARQUILLIES-AG31-2048x1590.jpg 2048w\" sizes=\"auto, (max-width: 1024px) 100vw, 1024px\" \/><figcaption class=\"wp-element-caption\"><em>Propositions d&rsquo;am\u00e9nagements int\u00e9rieurs<\/em><\/figcaption><\/figure>\n<\/div>\n\n\n<p><\/p>\n","protected":false},"excerpt":{"rendered":"<p>Permis obtenu en juillet 2025 La sur\u00e9l\u00e9vation concerne la premi\u00e8re partie arri\u00e8re de la maison, dans la largeur de la maison existante. L\u2019extension porte sur la fin de la partie arri\u00e8re de la maison. Elle prolonge le m\u00eame volume que l\u2019existant. Ces deux parties seront recouvertes de bardage bois avec de grandes baies pour assurer&hellip;&nbsp;<a href=\"http:\/\/agence31-architecte.fr\/?p=646\" class=\"\" rel=\"bookmark\">Lire la suite &raquo;<span class=\"screen-reader-text\">Extension d&rsquo;une maison \/ MARQUILLIES<\/span><\/a><\/p>\n","protected":false},"author":1,"featured_media":647,"comment_status":"closed","ping_status":"open","sticky":false,"template":"","format":"standard","meta":{"neve_meta_sidebar":"","neve_meta_container":"","neve_meta_enable_content_width":"","neve_meta_content_width":0,"neve_meta_title_alignment":"","neve_meta_author_avatar":"","neve_post_elements_order":"","neve_meta_disable_header":"","neve_meta_disable_footer":"","neve_meta_disable_title":"","footnotes":""},"categories":[10,15],"tags":[],"class_list":["post-646","post","type-post","status-publish","format-standard","has-post-thumbnail","hentry","category-logement-individuel","category-projets"],"_links":{"self":[{"href":"http:\/\/agence31-architecte.fr\/index.php?rest_route=\/wp\/v2\/posts\/646","targetHints":{"allow":["GET"]}}],"collection":[{"href":"http:\/\/agence31-architecte.fr\/index.php?rest_route=\/wp\/v2\/posts"}],"about":[{"href":"http:\/\/agence31-architecte.fr\/index.php?rest_route=\/wp\/v2\/types\/post"}],"author":[{"embeddable":true,"href":"http:\/\/agence31-architecte.fr\/index.php?rest_route=\/wp\/v2\/users\/1"}],"replies":[{"embeddable":true,"href":"http:\/\/agence31-architecte.fr\/index.php?rest_route=%2Fwp%2Fv2%2Fcomments&post=646"}],"version-history":[{"count":2,"href":"http:\/\/agence31-architecte.fr\/index.php?rest_route=\/wp\/v2\/posts\/646\/revisions"}],"predecessor-version":[{"id":654,"href":"http:\/\/agence31-architecte.fr\/index.php?rest_route=\/wp\/v2\/posts\/646\/revisions\/654"}],"wp:featuredmedia":[{"embeddable":true,"href":"http:\/\/agence31-architecte.fr\/index.php?rest_route=\/wp\/v2\/media\/647"}],"wp:attachment":[{"href":"http:\/\/agence31-architecte.fr\/index.php?rest_route=%2Fwp%2Fv2%2Fmedia&parent=646"}],"wp:term":[{"taxonomy":"category","embeddable":true,"href":"http:\/\/agence31-architecte.fr\/index.php?rest_route=%2Fwp%2Fv2%2Fcategories&post=646"},{"taxonomy":"post_tag","embeddable":true,"href":"http:\/\/agence31-architecte.fr\/index.php?rest_route=%2Fwp%2Fv2%2Ftags&post=646"}],"curies":[{"name":"wp","href":"https:\/\/api.w.org\/{rel}","templated":true}]}}