{"id":663,"date":"2025-09-08T17:58:23","date_gmt":"2025-09-08T15:58:23","guid":{"rendered":"https:\/\/agence31-architecte.fr\/?p=663"},"modified":"2025-09-08T17:58:23","modified_gmt":"2025-09-08T15:58:23","slug":"renovation-et-extension-dun-plain-pied-wambrechies","status":"publish","type":"post","link":"http:\/\/agence31-architecte.fr\/?p=663","title":{"rendered":"R\u00e9novation et extension d&rsquo;un plain-pied \/ WAMBRECHIES"},"content":{"rendered":"\n<p class=\"has-text-align-center\"><strong>Permis obtenu en septembre 2025<\/strong><\/p>\n\n\n\n<ul class=\"wp-block-list\">\n<li><strong>Programme:<\/strong> R\u00e9novation et extension d&rsquo;une maison individuelle<\/li>\n\n\n\n<li><strong>Lieu: <\/strong>Wambrechies (59)<\/li>\n\n\n\n<li><strong>Ma\u00eetre d&rsquo;ouvrage:<\/strong> priv\u00e9e<\/li>\n\n\n\n<li><strong>Missions:<\/strong> Etudes \/ Permis de Construire<\/li>\n\n\n\n<li><strong>Surface totale:<\/strong> 1500m\u00b2 SP<\/li>\n<\/ul>\n\n\n\n<p>L\u2019implantation des b\u00e2timents laisse une large place \u00e0 un espace paysag\u00e9 et arbor\u00e9 bien expos\u00e9, au Sud.<br>Les logements, pens\u00e9s pour bien vivre et inond\u00e9s de lumi\u00e8re, b\u00e9n\u00e9ficient tous d\u2019un espace ext\u00e9rieur. Les maisons disposent de jardins continus entre l\u2019avant et l\u2019arri\u00e8re, et chaque appartement en RDC de l\u2019immeuble s\u2019ouvre sur un jardin privatif. Aux \u00e9tages, balcons et terrasses prolongent les logements sur l\u2019environnement verdoyant.<br>Les volumes et les mat\u00e9riaux se conjuguent pour proposer une lecture contemporaine de l\u2019architecture typique du Nord.<\/p>\n\n\n<div class=\"wp-block-image\">\n<figure class=\"aligncenter size-large\"><img loading=\"lazy\" decoding=\"async\" width=\"1024\" height=\"576\" src=\"https:\/\/agence31-architecte.fr\/wp-content\/uploads\/2025\/09\/IMG_0430-1024x576.jpg\" alt=\"\" class=\"wp-image-665\" srcset=\"http:\/\/agence31-architecte.fr\/wp-content\/uploads\/2025\/09\/IMG_0430-1024x576.jpg 1024w, http:\/\/agence31-architecte.fr\/wp-content\/uploads\/2025\/09\/IMG_0430-300x169.jpg 300w, http:\/\/agence31-architecte.fr\/wp-content\/uploads\/2025\/09\/IMG_0430-768x432.jpg 768w, http:\/\/agence31-architecte.fr\/wp-content\/uploads\/2025\/09\/IMG_0430-1536x864.jpg 1536w, http:\/\/agence31-architecte.fr\/wp-content\/uploads\/2025\/09\/IMG_0430-2048x1152.jpg 2048w\" sizes=\"auto, (max-width: 1024px) 100vw, 1024px\" \/><figcaption class=\"wp-element-caption\"><em>Maison exisante<\/em><\/figcaption><\/figure>\n<\/div>\n\n<div class=\"wp-block-image\">\n<figure class=\"aligncenter size-large\"><img loading=\"lazy\" decoding=\"async\" width=\"1024\" height=\"576\" src=\"https:\/\/agence31-architecte.fr\/wp-content\/uploads\/2025\/09\/Image2_002-1024x576.jpg\" alt=\"\" class=\"wp-image-666\" srcset=\"http:\/\/agence31-architecte.fr\/wp-content\/uploads\/2025\/09\/Image2_002-1024x576.jpg 1024w, http:\/\/agence31-architecte.fr\/wp-content\/uploads\/2025\/09\/Image2_002-300x169.jpg 300w, http:\/\/agence31-architecte.fr\/wp-content\/uploads\/2025\/09\/Image2_002-768x432.jpg 768w, http:\/\/agence31-architecte.fr\/wp-content\/uploads\/2025\/09\/Image2_002-1536x864.jpg 1536w, http:\/\/agence31-architecte.fr\/wp-content\/uploads\/2025\/09\/Image2_002-2048x1152.jpg 2048w\" sizes=\"auto, (max-width: 1024px) 100vw, 1024px\" \/><figcaption class=\"wp-element-caption\"><em>Vue arri\u00e8re<\/em><\/figcaption><\/figure>\n<\/div>\n\n<div class=\"wp-block-image\">\n<figure class=\"aligncenter size-large\"><img loading=\"lazy\" decoding=\"async\" width=\"1024\" height=\"576\" src=\"https:\/\/agence31-architecte.fr\/wp-content\/uploads\/2025\/09\/Image3_004-1024x576.jpg\" alt=\"\" class=\"wp-image-667\" srcset=\"http:\/\/agence31-architecte.fr\/wp-content\/uploads\/2025\/09\/Image3_004-1024x576.jpg 1024w, http:\/\/agence31-architecte.fr\/wp-content\/uploads\/2025\/09\/Image3_004-300x169.jpg 300w, http:\/\/agence31-architecte.fr\/wp-content\/uploads\/2025\/09\/Image3_004-768x432.jpg 768w, http:\/\/agence31-architecte.fr\/wp-content\/uploads\/2025\/09\/Image3_004-1536x864.jpg 1536w, http:\/\/agence31-architecte.fr\/wp-content\/uploads\/2025\/09\/Image3_004-2048x1152.jpg 2048w\" sizes=\"auto, (max-width: 1024px) 100vw, 1024px\" \/><figcaption class=\"wp-element-caption\"><em>Vue avant<\/em><\/figcaption><\/figure>\n<\/div>\n\n\n<p><\/p>\n","protected":false},"excerpt":{"rendered":"<p>Permis obtenu en septembre 2025 L\u2019implantation des b\u00e2timents laisse une large place \u00e0 un espace paysag\u00e9 et arbor\u00e9 bien expos\u00e9, au Sud.Les logements, pens\u00e9s pour bien vivre et inond\u00e9s de lumi\u00e8re, b\u00e9n\u00e9ficient tous d\u2019un espace ext\u00e9rieur. Les maisons disposent de jardins continus entre l\u2019avant et l\u2019arri\u00e8re, et chaque appartement en RDC de l\u2019immeuble s\u2019ouvre sur&hellip;&nbsp;<a href=\"http:\/\/agence31-architecte.fr\/?p=663\" class=\"\" rel=\"bookmark\">Lire la suite &raquo;<span class=\"screen-reader-text\">R\u00e9novation et extension d&rsquo;un plain-pied \/ WAMBRECHIES<\/span><\/a><\/p>\n","protected":false},"author":1,"featured_media":664,"comment_status":"closed","ping_status":"open","sticky":false,"template":"","format":"standard","meta":{"neve_meta_sidebar":"","neve_meta_container":"","neve_meta_enable_content_width":"","neve_meta_content_width":0,"neve_meta_title_alignment":"","neve_meta_author_avatar":"","neve_post_elements_order":"","neve_meta_disable_header":"","neve_meta_disable_footer":"","neve_meta_disable_title":"","footnotes":""},"categories":[10,15],"tags":[],"class_list":["post-663","post","type-post","status-publish","format-standard","has-post-thumbnail","hentry","category-logement-individuel","category-projets"],"_links":{"self":[{"href":"http:\/\/agence31-architecte.fr\/index.php?rest_route=\/wp\/v2\/posts\/663","targetHints":{"allow":["GET"]}}],"collection":[{"href":"http:\/\/agence31-architecte.fr\/index.php?rest_route=\/wp\/v2\/posts"}],"about":[{"href":"http:\/\/agence31-architecte.fr\/index.php?rest_route=\/wp\/v2\/types\/post"}],"author":[{"embeddable":true,"href":"http:\/\/agence31-architecte.fr\/index.php?rest_route=\/wp\/v2\/users\/1"}],"replies":[{"embeddable":true,"href":"http:\/\/agence31-architecte.fr\/index.php?rest_route=%2Fwp%2Fv2%2Fcomments&post=663"}],"version-history":[{"count":2,"href":"http:\/\/agence31-architecte.fr\/index.php?rest_route=\/wp\/v2\/posts\/663\/revisions"}],"predecessor-version":[{"id":669,"href":"http:\/\/agence31-architecte.fr\/index.php?rest_route=\/wp\/v2\/posts\/663\/revisions\/669"}],"wp:featuredmedia":[{"embeddable":true,"href":"http:\/\/agence31-architecte.fr\/index.php?rest_route=\/wp\/v2\/media\/664"}],"wp:attachment":[{"href":"http:\/\/agence31-architecte.fr\/index.php?rest_route=%2Fwp%2Fv2%2Fmedia&parent=663"}],"wp:term":[{"taxonomy":"category","embeddable":true,"href":"http:\/\/agence31-architecte.fr\/index.php?rest_route=%2Fwp%2Fv2%2Fcategories&post=663"},{"taxonomy":"post_tag","embeddable":true,"href":"http:\/\/agence31-architecte.fr\/index.php?rest_route=%2Fwp%2Fv2%2Ftags&post=663"}],"curies":[{"name":"wp","href":"https:\/\/api.w.org\/{rel}","templated":true}]}}