{"id":672,"date":"2025-10-24T16:41:14","date_gmt":"2025-10-24T14:41:14","guid":{"rendered":"https:\/\/agence31-architecte.fr\/?p=672"},"modified":"2025-10-24T16:41:14","modified_gmt":"2025-10-24T14:41:14","slug":"surelevation-dun-logement-marcq-en-baroeul","status":"publish","type":"post","link":"http:\/\/agence31-architecte.fr\/?p=672","title":{"rendered":"Sur\u00e9l\u00e9vation d&rsquo;un logement \/ MARCQ-EN-BAROEUL"},"content":{"rendered":"\n<p class=\"has-text-align-center\"><strong>Permis de construire obtenu en Octobre 2025<\/strong><\/p>\n\n\n\n<ul class=\"wp-block-list\">\n<li><strong>Programme:<\/strong> Cr\u00e9ation de 2 sur\u00e9l\u00e9vations de part et d&rsquo;autre de la toiture existante<\/li>\n\n\n\n<li><strong>Lieu: <\/strong>MARCQ-EN-BAROEUL (59)<\/li>\n\n\n\n<li><strong>Ma\u00eetre d&rsquo;ouvrage:<\/strong> Priv\u00e9<\/li>\n\n\n\n<li><strong>Missions:<\/strong> Etudes \/ Permis de Construire (obtention en octobre 2025)<\/li>\n\n\n\n<li><strong>Surface cr\u00e9\u00e9e:<\/strong> 35m\u00b2<\/li>\n<\/ul>\n\n\n\n<p><\/p>\n\n\n\n<figure class=\"wp-block-image size-large\"><img loading=\"lazy\" decoding=\"async\" width=\"1024\" height=\"576\" src=\"https:\/\/agence31-architecte.fr\/wp-content\/uploads\/2025\/10\/Image2-1024x576.png\" alt=\"\" class=\"wp-image-674\" srcset=\"http:\/\/agence31-architecte.fr\/wp-content\/uploads\/2025\/10\/Image2-1024x576.png 1024w, http:\/\/agence31-architecte.fr\/wp-content\/uploads\/2025\/10\/Image2-300x169.png 300w, http:\/\/agence31-architecte.fr\/wp-content\/uploads\/2025\/10\/Image2-768x432.png 768w, http:\/\/agence31-architecte.fr\/wp-content\/uploads\/2025\/10\/Image2-1536x864.png 1536w, http:\/\/agence31-architecte.fr\/wp-content\/uploads\/2025\/10\/Image2-2048x1152.png 2048w\" sizes=\"auto, (max-width: 1024px) 100vw, 1024px\" \/><\/figure>\n","protected":false},"excerpt":{"rendered":"<p>Permis de construire obtenu en Octobre 2025<\/p>\n","protected":false},"author":1,"featured_media":673,"comment_status":"closed","ping_status":"open","sticky":false,"template":"","format":"standard","meta":{"neve_meta_sidebar":"","neve_meta_container":"","neve_meta_enable_content_width":"","neve_meta_content_width":0,"neve_meta_title_alignment":"","neve_meta_author_avatar":"","neve_post_elements_order":"","neve_meta_disable_header":"","neve_meta_disable_footer":"","neve_meta_disable_title":"","footnotes":""},"categories":[10,15],"tags":[],"class_list":["post-672","post","type-post","status-publish","format-standard","has-post-thumbnail","hentry","category-logement-individuel","category-projets"],"_links":{"self":[{"href":"http:\/\/agence31-architecte.fr\/index.php?rest_route=\/wp\/v2\/posts\/672","targetHints":{"allow":["GET"]}}],"collection":[{"href":"http:\/\/agence31-architecte.fr\/index.php?rest_route=\/wp\/v2\/posts"}],"about":[{"href":"http:\/\/agence31-architecte.fr\/index.php?rest_route=\/wp\/v2\/types\/post"}],"author":[{"embeddable":true,"href":"http:\/\/agence31-architecte.fr\/index.php?rest_route=\/wp\/v2\/users\/1"}],"replies":[{"embeddable":true,"href":"http:\/\/agence31-architecte.fr\/index.php?rest_route=%2Fwp%2Fv2%2Fcomments&post=672"}],"version-history":[{"count":1,"href":"http:\/\/agence31-architecte.fr\/index.php?rest_route=\/wp\/v2\/posts\/672\/revisions"}],"predecessor-version":[{"id":675,"href":"http:\/\/agence31-architecte.fr\/index.php?rest_route=\/wp\/v2\/posts\/672\/revisions\/675"}],"wp:featuredmedia":[{"embeddable":true,"href":"http:\/\/agence31-architecte.fr\/index.php?rest_route=\/wp\/v2\/media\/673"}],"wp:attachment":[{"href":"http:\/\/agence31-architecte.fr\/index.php?rest_route=%2Fwp%2Fv2%2Fmedia&parent=672"}],"wp:term":[{"taxonomy":"category","embeddable":true,"href":"http:\/\/agence31-architecte.fr\/index.php?rest_route=%2Fwp%2Fv2%2Fcategories&post=672"},{"taxonomy":"post_tag","embeddable":true,"href":"http:\/\/agence31-architecte.fr\/index.php?rest_route=%2Fwp%2Fv2%2Ftags&post=672"}],"curies":[{"name":"wp","href":"https:\/\/api.w.org\/{rel}","templated":true}]}}