{"id":712,"date":"2026-01-13T16:05:33","date_gmt":"2026-01-13T15:05:33","guid":{"rendered":"https:\/\/agence31-architecte.fr\/?p=712"},"modified":"2026-03-17T15:46:32","modified_gmt":"2026-03-17T14:46:32","slug":"surelevation-marcq-en-baroeul","status":"publish","type":"post","link":"http:\/\/agence31-architecte.fr\/?p=712","title":{"rendered":"Sur\u00e9l\u00e9vation \/ MARCQ-EN-BAROEUL"},"content":{"rendered":"\n<p class=\"has-text-align-center\"><strong>D\u00e9claration pr\u00e9alable obtenue en mars 2026<\/strong><\/p>\n\n\n\n<ul class=\"wp-block-list\">\n<li><strong>Programme:<\/strong> Sur\u00e9l\u00e9vation partielle d&rsquo;une maison <\/li>\n\n\n\n<li><strong>Lieu: <\/strong>MARCQ-EN-BAROEUL (59)<\/li>\n\n\n\n<li><strong>Ma\u00eetre d&rsquo;ouvrage:<\/strong> priv\u00e9<\/li>\n\n\n\n<li><strong>Missions:<\/strong> Etudes \/ D\u00e9claration pr\u00e9alable<\/li>\n\n\n\n<li><strong>Surface totale:<\/strong> 12m\u00b2 SP<\/li>\n<\/ul>\n\n\n\n<p>Le projet pr\u00e9voit de sur\u00e9lever le logement en cr\u00e9ant une toiture 2 pans en limite gauche (audessus<br>du garage uniquement), sur le m\u00eame principe que les extensions alentours.<\/p>\n\n\n\n<figure class=\"wp-block-image size-large\"><img loading=\"lazy\" decoding=\"async\" width=\"1024\" height=\"576\" src=\"http:\/\/agence31-architecte.fr\/wp-content\/uploads\/2026\/03\/Image2_000-1024x576.jpg\" alt=\"\" class=\"wp-image-713\" srcset=\"http:\/\/agence31-architecte.fr\/wp-content\/uploads\/2026\/03\/Image2_000-1024x576.jpg 1024w, http:\/\/agence31-architecte.fr\/wp-content\/uploads\/2026\/03\/Image2_000-300x169.jpg 300w, http:\/\/agence31-architecte.fr\/wp-content\/uploads\/2026\/03\/Image2_000-768x432.jpg 768w, http:\/\/agence31-architecte.fr\/wp-content\/uploads\/2026\/03\/Image2_000-1536x864.jpg 1536w, http:\/\/agence31-architecte.fr\/wp-content\/uploads\/2026\/03\/Image2_000-2048x1152.jpg 2048w\" sizes=\"auto, (max-width: 1024px) 100vw, 1024px\" \/><\/figure>\n\n\n\n<figure class=\"wp-block-image size-large\"><img loading=\"lazy\" decoding=\"async\" width=\"1024\" height=\"576\" src=\"http:\/\/agence31-architecte.fr\/wp-content\/uploads\/2026\/03\/Image1_000-1024x576.jpg\" alt=\"\" class=\"wp-image-714\" srcset=\"http:\/\/agence31-architecte.fr\/wp-content\/uploads\/2026\/03\/Image1_000-1024x576.jpg 1024w, http:\/\/agence31-architecte.fr\/wp-content\/uploads\/2026\/03\/Image1_000-300x169.jpg 300w, http:\/\/agence31-architecte.fr\/wp-content\/uploads\/2026\/03\/Image1_000-768x432.jpg 768w, http:\/\/agence31-architecte.fr\/wp-content\/uploads\/2026\/03\/Image1_000-1536x864.jpg 1536w, http:\/\/agence31-architecte.fr\/wp-content\/uploads\/2026\/03\/Image1_000-2048x1152.jpg 2048w\" sizes=\"auto, (max-width: 1024px) 100vw, 1024px\" \/><\/figure>\n","protected":false},"excerpt":{"rendered":"<p>D\u00e9claration pr\u00e9alable obtenue en mars 2026 Le projet pr\u00e9voit de sur\u00e9lever le logement en cr\u00e9ant une toiture 2 pans en limite gauche (audessusdu garage uniquement), sur le m\u00eame principe que les extensions alentours.<\/p>\n","protected":false},"author":1,"featured_media":716,"comment_status":"closed","ping_status":"open","sticky":false,"template":"","format":"standard","meta":{"neve_meta_sidebar":"","neve_meta_container":"","neve_meta_enable_content_width":"","neve_meta_content_width":0,"neve_meta_title_alignment":"","neve_meta_author_avatar":"","neve_post_elements_order":"","neve_meta_disable_header":"","neve_meta_disable_footer":"","neve_meta_disable_title":"","footnotes":""},"categories":[10,15],"tags":[],"class_list":["post-712","post","type-post","status-publish","format-standard","has-post-thumbnail","hentry","category-logement-individuel","category-projets"],"_links":{"self":[{"href":"http:\/\/agence31-architecte.fr\/index.php?rest_route=\/wp\/v2\/posts\/712","targetHints":{"allow":["GET"]}}],"collection":[{"href":"http:\/\/agence31-architecte.fr\/index.php?rest_route=\/wp\/v2\/posts"}],"about":[{"href":"http:\/\/agence31-architecte.fr\/index.php?rest_route=\/wp\/v2\/types\/post"}],"author":[{"embeddable":true,"href":"http:\/\/agence31-architecte.fr\/index.php?rest_route=\/wp\/v2\/users\/1"}],"replies":[{"embeddable":true,"href":"http:\/\/agence31-architecte.fr\/index.php?rest_route=%2Fwp%2Fv2%2Fcomments&post=712"}],"version-history":[{"count":3,"href":"http:\/\/agence31-architecte.fr\/index.php?rest_route=\/wp\/v2\/posts\/712\/revisions"}],"predecessor-version":[{"id":718,"href":"http:\/\/agence31-architecte.fr\/index.php?rest_route=\/wp\/v2\/posts\/712\/revisions\/718"}],"wp:featuredmedia":[{"embeddable":true,"href":"http:\/\/agence31-architecte.fr\/index.php?rest_route=\/wp\/v2\/media\/716"}],"wp:attachment":[{"href":"http:\/\/agence31-architecte.fr\/index.php?rest_route=%2Fwp%2Fv2%2Fmedia&parent=712"}],"wp:term":[{"taxonomy":"category","embeddable":true,"href":"http:\/\/agence31-architecte.fr\/index.php?rest_route=%2Fwp%2Fv2%2Fcategories&post=712"},{"taxonomy":"post_tag","embeddable":true,"href":"http:\/\/agence31-architecte.fr\/index.php?rest_route=%2Fwp%2Fv2%2Ftags&post=712"}],"curies":[{"name":"wp","href":"https:\/\/api.w.org\/{rel}","templated":true}]}}