{"id":185,"date":"2024-03-06T17:11:42","date_gmt":"2024-03-06T16:11:42","guid":{"rendered":"https:\/\/agence31-architecte.fr\/?p=185"},"modified":"2025-09-05T16:55:53","modified_gmt":"2025-09-05T14:55:53","slug":"13-maisons-la-bassee","status":"publish","type":"post","link":"https:\/\/agence31-architecte.fr\/?p=185","title":{"rendered":"13 maisons neuves \/ LA BASSEE"},"content":{"rendered":"\n<p class=\"has-text-align-center\"><strong>Chantier r\u00e9ceptionn\u00e9 au printemps 2025<\/strong><\/p>\n\n\n\n<ul class=\"wp-block-list\">\n<li><strong>Programme:<\/strong> 13 maisons individuelles et group\u00e9es<\/li>\n\n\n\n<li><strong>Lieu: <\/strong>LA BASSEE (62)<\/li>\n\n\n\n<li><strong>Ma\u00eetre d&rsquo;ouvrage:<\/strong> <a href=\"https:\/\/verbatim.immo\/\">VERBATIM<\/a> \/ <a href=\"https:\/\/astridpromotion.fr\/\">ASTRID PROMOTION<\/a><\/li>\n\n\n\n<li><strong>Missions:<\/strong> Etudes \/ Permis de Construire (obtention en avril 2022)<\/li>\n\n\n\n<li><strong>Equipe:<\/strong> Agence 31 architecte \/ Profil Ing\u00e9nierie<\/li>\n\n\n\n<li><strong>Surface totale:<\/strong> 1268m\u00b2 SP<\/li>\n<\/ul>\n\n\n\n<p>Le Hameau des Weppes porte bien son nom&nbsp;: 13 maisons, isol\u00e9es ou group\u00e9es, proposant une alternance de vides et de volumes construits en RDC&nbsp;+&nbsp;combles habit\u00e9s. Ce rythme est gage de respiration et de vues vers les paysages alentours. Le fond d\u2019impasse n\u2019\u00e9tant pas b\u00e2ti, il participe lui aussi \u00e0 l\u2019ouverture sur les paysages.&nbsp;<\/p>\n\n\n\n<p>L\u2019implantation des constructions offre&nbsp;un jardin continu entre l\u2019avant et l\u2019arri\u00e8re des maisons et permet&nbsp;une appropriation de chaque espace laiss\u00e9 par libre par les futurs habitants. Les volumes des maisons ont \u00e9t\u00e9 con\u00e7us pour offrir&nbsp;un maximum de confort aux usagers. Les fa\u00e7ades d\u2019entr\u00e9e sont en retrait des toitures permettant ainsi de s\u2019abriter&nbsp;et mettre&nbsp;\u00e0 distance le stationnement de la fa\u00e7ade. <\/p>\n\n\n\n<p>Le projet propose une mat\u00e9rialit\u00e9 contemporaine ancr\u00e9e dans son histoire en conservant briques et tuiles rouges traditionnelles, compl\u00e9t\u00e9e par du bardage bois gris\u00e9 plus actuel.<\/p>\n\n\n\n<figure class=\"wp-block-image size-large\"><img loading=\"lazy\" decoding=\"async\" width=\"1024\" height=\"527\" src=\"http:\/\/agence31-architecte.fr\/wp-content\/uploads\/2024\/02\/plan-masse-1024x527.jpg\" alt=\"\" class=\"wp-image-187\" srcset=\"https:\/\/agence31-architecte.fr\/wp-content\/uploads\/2024\/02\/plan-masse-1024x527.jpg 1024w, https:\/\/agence31-architecte.fr\/wp-content\/uploads\/2024\/02\/plan-masse-300x154.jpg 300w, https:\/\/agence31-architecte.fr\/wp-content\/uploads\/2024\/02\/plan-masse-768x395.jpg 768w, https:\/\/agence31-architecte.fr\/wp-content\/uploads\/2024\/02\/plan-masse-1536x790.jpg 1536w, https:\/\/agence31-architecte.fr\/wp-content\/uploads\/2024\/02\/plan-masse-2048x1054.jpg 2048w\" sizes=\"auto, (max-width: 1024px) 100vw, 1024px\" \/><\/figure>\n\n\n\n<figure class=\"wp-block-image size-large\"><img loading=\"lazy\" decoding=\"async\" width=\"1024\" height=\"576\" src=\"https:\/\/agence31-architecte.fr\/wp-content\/uploads\/2024\/03\/ead27398-bb1e-4dee-9603-f307440cb77c-1024x576.jpg\" alt=\"\" class=\"wp-image-658\" srcset=\"https:\/\/agence31-architecte.fr\/wp-content\/uploads\/2024\/03\/ead27398-bb1e-4dee-9603-f307440cb77c-1024x576.jpg 1024w, https:\/\/agence31-architecte.fr\/wp-content\/uploads\/2024\/03\/ead27398-bb1e-4dee-9603-f307440cb77c-300x169.jpg 300w, https:\/\/agence31-architecte.fr\/wp-content\/uploads\/2024\/03\/ead27398-bb1e-4dee-9603-f307440cb77c-768x432.jpg 768w, https:\/\/agence31-architecte.fr\/wp-content\/uploads\/2024\/03\/ead27398-bb1e-4dee-9603-f307440cb77c-1536x864.jpg 1536w, https:\/\/agence31-architecte.fr\/wp-content\/uploads\/2024\/03\/ead27398-bb1e-4dee-9603-f307440cb77c.jpg 1600w\" sizes=\"auto, (max-width: 1024px) 100vw, 1024px\" \/><\/figure>\n\n\n\n<figure class=\"wp-block-image size-large\"><img loading=\"lazy\" decoding=\"async\" width=\"1024\" height=\"576\" src=\"https:\/\/agence31-architecte.fr\/wp-content\/uploads\/2024\/03\/78c91604-4f85-4795-8651-7d54a2c33d52-1024x576.jpg\" alt=\"\" class=\"wp-image-660\" srcset=\"https:\/\/agence31-architecte.fr\/wp-content\/uploads\/2024\/03\/78c91604-4f85-4795-8651-7d54a2c33d52-1024x576.jpg 1024w, https:\/\/agence31-architecte.fr\/wp-content\/uploads\/2024\/03\/78c91604-4f85-4795-8651-7d54a2c33d52-300x169.jpg 300w, https:\/\/agence31-architecte.fr\/wp-content\/uploads\/2024\/03\/78c91604-4f85-4795-8651-7d54a2c33d52-768x432.jpg 768w, https:\/\/agence31-architecte.fr\/wp-content\/uploads\/2024\/03\/78c91604-4f85-4795-8651-7d54a2c33d52-1536x864.jpg 1536w, https:\/\/agence31-architecte.fr\/wp-content\/uploads\/2024\/03\/78c91604-4f85-4795-8651-7d54a2c33d52.jpg 1600w\" sizes=\"auto, (max-width: 1024px) 100vw, 1024px\" \/><\/figure>\n","protected":false},"excerpt":{"rendered":"<p>Maisons traditionnelles individuelles ou group\u00e9es <\/p>\n","protected":false},"author":1,"featured_media":656,"comment_status":"closed","ping_status":"closed","sticky":false,"template":"","format":"standard","meta":{"neve_meta_sidebar":"","neve_meta_container":"","neve_meta_enable_content_width":"","neve_meta_content_width":0,"neve_meta_title_alignment":"","neve_meta_author_avatar":"","neve_post_elements_order":"","neve_meta_disable_header":"","neve_meta_disable_footer":"","neve_meta_disable_title":"","footnotes":""},"categories":[10,15],"tags":[],"class_list":["post-185","post","type-post","status-publish","format-standard","has-post-thumbnail","hentry","category-logement-individuel","category-projets"],"_links":{"self":[{"href":"https:\/\/agence31-architecte.fr\/index.php?rest_route=\/wp\/v2\/posts\/185","targetHints":{"allow":["GET"]}}],"collection":[{"href":"https:\/\/agence31-architecte.fr\/index.php?rest_route=\/wp\/v2\/posts"}],"about":[{"href":"https:\/\/agence31-architecte.fr\/index.php?rest_route=\/wp\/v2\/types\/post"}],"author":[{"embeddable":true,"href":"https:\/\/agence31-architecte.fr\/index.php?rest_route=\/wp\/v2\/users\/1"}],"replies":[{"embeddable":true,"href":"https:\/\/agence31-architecte.fr\/index.php?rest_route=%2Fwp%2Fv2%2Fcomments&post=185"}],"version-history":[{"count":16,"href":"https:\/\/agence31-architecte.fr\/index.php?rest_route=\/wp\/v2\/posts\/185\/revisions"}],"predecessor-version":[{"id":662,"href":"https:\/\/agence31-architecte.fr\/index.php?rest_route=\/wp\/v2\/posts\/185\/revisions\/662"}],"wp:featuredmedia":[{"embeddable":true,"href":"https:\/\/agence31-architecte.fr\/index.php?rest_route=\/wp\/v2\/media\/656"}],"wp:attachment":[{"href":"https:\/\/agence31-architecte.fr\/index.php?rest_route=%2Fwp%2Fv2%2Fmedia&parent=185"}],"wp:term":[{"taxonomy":"category","embeddable":true,"href":"https:\/\/agence31-architecte.fr\/index.php?rest_route=%2Fwp%2Fv2%2Fcategories&post=185"},{"taxonomy":"post_tag","embeddable":true,"href":"https:\/\/agence31-architecte.fr\/index.php?rest_route=%2Fwp%2Fv2%2Ftags&post=185"}],"curies":[{"name":"wp","href":"https:\/\/api.w.org\/{rel}","templated":true}]}}