{"id":200,"date":"2024-02-01T17:12:01","date_gmt":"2024-02-01T16:12:01","guid":{"rendered":"https:\/\/agence31-architecte.fr\/?p=200"},"modified":"2025-03-25T16:25:38","modified_gmt":"2025-03-25T15:25:38","slug":"marbrerie-comines","status":"publish","type":"post","link":"https:\/\/agence31-architecte.fr\/?p=200","title":{"rendered":"Marbrerie \/ COMINES"},"content":{"rendered":"\n<ul class=\"wp-block-list\">\n<li><strong>Programme:<\/strong> Un b\u00e2timent d&rsquo;activit\u00e9 et un logement de gardiennage<\/li>\n\n\n\n<li><strong>Lieu: <\/strong>COMINES (59)<\/li>\n\n\n\n<li><strong>Ma\u00eetre d&rsquo;ouvrage:<\/strong> Priv\u00e9<\/li>\n\n\n\n<li><strong>Missions:<\/strong> Etudes \/ Permis de Construire<\/li>\n\n\n\n<li><strong>Surface totale:<\/strong> 1500m\u00b2 SP<\/li>\n<\/ul>\n\n\n\n<p>Les fa\u00e7ades du b\u00e2timent d\u2019activit\u00e9 seront en b\u00e9ton brut de teinte clair. Le calepinage des joints dessinera un d\u00e9coupage de la fa\u00e7ade. En proue, l\u2019acc\u00e8s du b\u00e2timent sera marqu\u00e9 par un calepinage de pierre de Soignies encadrant la porte d\u2019entr\u00e9e. Au centre de ce calepinage de pierre, le logo de la soci\u00e9t\u00e9 sera int\u00e9gr\u00e9 en granit rouge.<\/p>\n","protected":false},"excerpt":{"rendered":"<p>Les fa\u00e7ades du b\u00e2timent d\u2019activit\u00e9 seront en b\u00e9ton brut de teinte clair. Le calepinage des joints dessinera un d\u00e9coupage de la fa\u00e7ade. En proue, l\u2019acc\u00e8s du b\u00e2timent sera marqu\u00e9 par un calepinage de pierre de Soignies encadrant la porte d\u2019entr\u00e9e. Au centre de ce calepinage de pierre, le logo de la soci\u00e9t\u00e9 sera int\u00e9gr\u00e9 en&hellip;&nbsp;<a href=\"https:\/\/agence31-architecte.fr\/?p=200\" class=\"\" rel=\"bookmark\">Lire la suite &raquo;<span class=\"screen-reader-text\">Marbrerie \/ COMINES<\/span><\/a><\/p>\n","protected":false},"author":1,"featured_media":313,"comment_status":"closed","ping_status":"closed","sticky":false,"template":"","format":"standard","meta":{"neve_meta_sidebar":"","neve_meta_container":"","neve_meta_enable_content_width":"","neve_meta_content_width":0,"neve_meta_title_alignment":"","neve_meta_author_avatar":"","neve_post_elements_order":"","neve_meta_disable_header":"","neve_meta_disable_footer":"","neve_meta_disable_title":"","footnotes":""},"categories":[12,15],"tags":[],"class_list":["post-200","post","type-post","status-publish","format-standard","has-post-thumbnail","hentry","category-activite","category-projets"],"_links":{"self":[{"href":"https:\/\/agence31-architecte.fr\/index.php?rest_route=\/wp\/v2\/posts\/200","targetHints":{"allow":["GET"]}}],"collection":[{"href":"https:\/\/agence31-architecte.fr\/index.php?rest_route=\/wp\/v2\/posts"}],"about":[{"href":"https:\/\/agence31-architecte.fr\/index.php?rest_route=\/wp\/v2\/types\/post"}],"author":[{"embeddable":true,"href":"https:\/\/agence31-architecte.fr\/index.php?rest_route=\/wp\/v2\/users\/1"}],"replies":[{"embeddable":true,"href":"https:\/\/agence31-architecte.fr\/index.php?rest_route=%2Fwp%2Fv2%2Fcomments&post=200"}],"version-history":[{"count":6,"href":"https:\/\/agence31-architecte.fr\/index.php?rest_route=\/wp\/v2\/posts\/200\/revisions"}],"predecessor-version":[{"id":573,"href":"https:\/\/agence31-architecte.fr\/index.php?rest_route=\/wp\/v2\/posts\/200\/revisions\/573"}],"wp:featuredmedia":[{"embeddable":true,"href":"https:\/\/agence31-architecte.fr\/index.php?rest_route=\/wp\/v2\/media\/313"}],"wp:attachment":[{"href":"https:\/\/agence31-architecte.fr\/index.php?rest_route=%2Fwp%2Fv2%2Fmedia&parent=200"}],"wp:term":[{"taxonomy":"category","embeddable":true,"href":"https:\/\/agence31-architecte.fr\/index.php?rest_route=%2Fwp%2Fv2%2Fcategories&post=200"},{"taxonomy":"post_tag","embeddable":true,"href":"https:\/\/agence31-architecte.fr\/index.php?rest_route=%2Fwp%2Fv2%2Ftags&post=200"}],"curies":[{"name":"wp","href":"https:\/\/api.w.org\/{rel}","templated":true}]}}