{"id":212,"date":"2024-02-16T12:05:15","date_gmt":"2024-02-16T11:05:15","guid":{"rendered":"https:\/\/agence31-architecte.fr\/?p=212"},"modified":"2025-04-07T10:14:54","modified_gmt":"2025-04-07T08:14:54","slug":"surelevation-le-touquet","status":"publish","type":"post","link":"https:\/\/agence31-architecte.fr\/?p=212","title":{"rendered":"Sur\u00e9l\u00e9vation \/ LE TOUQUET"},"content":{"rendered":"\n<p class=\"has-text-align-center\"><strong>D\u00e9marrage chantier printemps 2024<\/strong><\/p>\n\n\n\n<ul class=\"wp-block-list\">\n<li><strong>Programme:<\/strong> Sur\u00e9l\u00e9vation d&rsquo;une maison de ville<\/li>\n\n\n\n<li><strong>Lieu: <\/strong>LE TOUQUET (62)<\/li>\n\n\n\n<li><strong>Ma\u00eetre d&rsquo;ouvrage:<\/strong> Priv\u00e9<\/li>\n\n\n\n<li><strong>Missions:<\/strong> Etudes \/ D\u00e9claration pr\u00e9alable (obtention en juillet 2023) \/ Suivi de chantier<\/li>\n\n\n\n<li><strong>Surface cr\u00e9\u00e9e:<\/strong> 31 m\u00b2 SP<\/li>\n<\/ul>\n\n\n\n<p>Le projet pr\u00e9voit l\u2019ajout d\u2019un \u00e9tage au-dessus de l\u2019\u00e9tage actuel. Cette sur\u00e9l\u00e9vation remplace la toiture en t\u00f4les ondul\u00e9es mono-pente actuelle par une toiture double pente. La partie visible du brisis sera en tuiles terre cuite plates. La partie sup\u00e9rieure de la toiture sera en zinc naturel et ne sera pas visible de la rue. <\/p>\n\n\n\n<p>En fa\u00e7ade avant, deux lucarnes (chien assis) viendront asseoir la verticalit\u00e9 et les lignes existantes en s\u2019alignant sur les ouvertures pr\u00e9sentes en RDC et R+1.<\/p>\n\n\n\n<p>Ce nouveau volume vient \u00ab&nbsp;terminer&nbsp;\u00bb celui existant en respectant les volumes des maisons voisines dans la rue (toitures tuiles double-pan, lucarnes\u2026).<\/p>\n\n\n\n<figure class=\"wp-block-image size-large\"><img loading=\"lazy\" decoding=\"async\" width=\"1024\" height=\"383\" src=\"https:\/\/agence31-architecte.fr\/wp-content\/uploads\/2024\/02\/surelevation-touquet-1024x383.jpg\" alt=\"\" class=\"wp-image-214\" srcset=\"https:\/\/agence31-architecte.fr\/wp-content\/uploads\/2024\/02\/surelevation-touquet-1024x383.jpg 1024w, https:\/\/agence31-architecte.fr\/wp-content\/uploads\/2024\/02\/surelevation-touquet-300x112.jpg 300w, https:\/\/agence31-architecte.fr\/wp-content\/uploads\/2024\/02\/surelevation-touquet-768x287.jpg 768w, https:\/\/agence31-architecte.fr\/wp-content\/uploads\/2024\/02\/surelevation-touquet-1536x574.jpg 1536w, https:\/\/agence31-architecte.fr\/wp-content\/uploads\/2024\/02\/surelevation-touquet-2048x766.jpg 2048w\" sizes=\"auto, (max-width: 1024px) 100vw, 1024px\" \/><\/figure>\n\n\n<div class=\"wp-block-image\">\n<figure class=\"aligncenter size-large is-resized\"><img loading=\"lazy\" decoding=\"async\" width=\"925\" height=\"1024\" src=\"https:\/\/agence31-architecte.fr\/wp-content\/uploads\/2024\/02\/thumbnail_IMG_7326-925x1024.jpg\" alt=\"\" class=\"wp-image-589\" style=\"width:498px;height:auto\" srcset=\"https:\/\/agence31-architecte.fr\/wp-content\/uploads\/2024\/02\/thumbnail_IMG_7326-925x1024.jpg 925w, https:\/\/agence31-architecte.fr\/wp-content\/uploads\/2024\/02\/thumbnail_IMG_7326-271x300.jpg 271w, https:\/\/agence31-architecte.fr\/wp-content\/uploads\/2024\/02\/thumbnail_IMG_7326-768x850.jpg 768w, https:\/\/agence31-architecte.fr\/wp-content\/uploads\/2024\/02\/thumbnail_IMG_7326.jpg 1179w\" sizes=\"auto, (max-width: 925px) 100vw, 925px\" \/><figcaption class=\"wp-element-caption\">Mars 2025 : chantier en cours &#8211; Photo <a href=\"https:\/\/www.instagram.com\/duval_lille\/\">@Duval Couverture<\/a><\/figcaption><\/figure>\n<\/div>\n\n\n<p><\/p>\n","protected":false},"excerpt":{"rendered":"<p>Sur\u00e9l\u00e9vation d&rsquo;une maison de ville typique de la ville du Touquet<\/p>\n","protected":false},"author":1,"featured_media":224,"comment_status":"closed","ping_status":"closed","sticky":false,"template":"","format":"standard","meta":{"neve_meta_sidebar":"","neve_meta_container":"","neve_meta_enable_content_width":"","neve_meta_content_width":0,"neve_meta_title_alignment":"","neve_meta_author_avatar":"","neve_post_elements_order":"","neve_meta_disable_header":"","neve_meta_disable_footer":"","neve_meta_disable_title":"","footnotes":""},"categories":[10,15],"tags":[],"class_list":["post-212","post","type-post","status-publish","format-standard","has-post-thumbnail","hentry","category-logement-individuel","category-projets"],"_links":{"self":[{"href":"https:\/\/agence31-architecte.fr\/index.php?rest_route=\/wp\/v2\/posts\/212","targetHints":{"allow":["GET"]}}],"collection":[{"href":"https:\/\/agence31-architecte.fr\/index.php?rest_route=\/wp\/v2\/posts"}],"about":[{"href":"https:\/\/agence31-architecte.fr\/index.php?rest_route=\/wp\/v2\/types\/post"}],"author":[{"embeddable":true,"href":"https:\/\/agence31-architecte.fr\/index.php?rest_route=\/wp\/v2\/users\/1"}],"replies":[{"embeddable":true,"href":"https:\/\/agence31-architecte.fr\/index.php?rest_route=%2Fwp%2Fv2%2Fcomments&post=212"}],"version-history":[{"count":6,"href":"https:\/\/agence31-architecte.fr\/index.php?rest_route=\/wp\/v2\/posts\/212\/revisions"}],"predecessor-version":[{"id":592,"href":"https:\/\/agence31-architecte.fr\/index.php?rest_route=\/wp\/v2\/posts\/212\/revisions\/592"}],"wp:featuredmedia":[{"embeddable":true,"href":"https:\/\/agence31-architecte.fr\/index.php?rest_route=\/wp\/v2\/media\/224"}],"wp:attachment":[{"href":"https:\/\/agence31-architecte.fr\/index.php?rest_route=%2Fwp%2Fv2%2Fmedia&parent=212"}],"wp:term":[{"taxonomy":"category","embeddable":true,"href":"https:\/\/agence31-architecte.fr\/index.php?rest_route=%2Fwp%2Fv2%2Fcategories&post=212"},{"taxonomy":"post_tag","embeddable":true,"href":"https:\/\/agence31-architecte.fr\/index.php?rest_route=%2Fwp%2Fv2%2Ftags&post=212"}],"curies":[{"name":"wp","href":"https:\/\/api.w.org\/{rel}","templated":true}]}}