{"id":216,"date":"2024-05-19T12:07:29","date_gmt":"2024-05-19T10:07:29","guid":{"rendered":"https:\/\/agence31-architecte.fr\/?p=216"},"modified":"2024-05-23T14:58:43","modified_gmt":"2024-05-23T12:58:43","slug":"renovation-dune-maison-le-touquet","status":"publish","type":"post","link":"https:\/\/agence31-architecte.fr\/?p=216","title":{"rendered":"R\u00e9novation d&rsquo;une maison \/ LE TOUQUET"},"content":{"rendered":"\n<p class=\"has-text-align-center\"><strong>Chantier en cours<\/strong><\/p>\n\n\n\n<ul class=\"wp-block-list\">\n<li><strong>Programme:<\/strong> R\u00e9novation d&rsquo;une maison individuelle \/ Cr\u00e9ation de chien assis<\/li>\n\n\n\n<li><strong>Lieu: <\/strong>LE TOUQUET (62)<\/li>\n\n\n\n<li><strong>Ma\u00eetre d&rsquo;ouvrage:<\/strong> Priv\u00e9<\/li>\n\n\n\n<li><strong>Missions:<\/strong> Etudes \/ D\u00e9claration pr\u00e9alable (obtention en janvier 2023) \/ Suivi de chantier<\/li>\n\n\n\n<li><strong>Surface totale:<\/strong> 180 m\u00b2 SP<\/li>\n<\/ul>\n\n\n\n<p>Le projet pr\u00e9voit l\u2019ajout de chiens assis de chaque c\u00f4t\u00e9 de la maison. Ces nouveaux volumes permettent de gagner en surface \u00e0 l\u2019\u00e9tage et de donner un r\u00e9el statut au volume sous toit. Le balcon en fa\u00e7ade avant sera d\u00e9mont\u00e9. Cela redonnera \u00e0 la fa\u00e7ade avant sa fonction de fa\u00e7ade principale en supprimant l\u2019effet de strates. La fa\u00e7ade avant sera alors sur un seul et m\u00eame plan, avec un effet d\u2019\u00e9l\u00e9vation plus contemporain (suppression des volets, cr\u00e9ation de menuiseries plus lumineuses, mod\u00e9nature de fa\u00e7ade amenant vers l\u2019entr\u00e9e\u2026).<\/p>\n\n\n\n<p>Ces nouveaux volumes redonnent \u00e0 la maison un \u00e9quilibre entre les diff\u00e9rents \u00e9tages (garage semi-enterr\u00e9, RDC mis en avant par les nouveaux parements et \u00e9tage plus noble car proposant des volumes plus ouverts sur l\u2019ext\u00e9rieur).<\/p>\n\n\n\n<figure class=\"wp-block-image size-large\"><img loading=\"lazy\" decoding=\"async\" width=\"1024\" height=\"724\" src=\"https:\/\/agence31-architecte.fr\/wp-content\/uploads\/2024\/03\/PERS-TOUQUETnb-1024x724.jpg\" alt=\"\" class=\"wp-image-443\" srcset=\"https:\/\/agence31-architecte.fr\/wp-content\/uploads\/2024\/03\/PERS-TOUQUETnb-1024x724.jpg 1024w, https:\/\/agence31-architecte.fr\/wp-content\/uploads\/2024\/03\/PERS-TOUQUETnb-300x212.jpg 300w, https:\/\/agence31-architecte.fr\/wp-content\/uploads\/2024\/03\/PERS-TOUQUETnb-768x543.jpg 768w, https:\/\/agence31-architecte.fr\/wp-content\/uploads\/2024\/03\/PERS-TOUQUETnb-1536x1086.jpg 1536w, https:\/\/agence31-architecte.fr\/wp-content\/uploads\/2024\/03\/PERS-TOUQUETnb-2048x1448.jpg 2048w\" sizes=\"auto, (max-width: 1024px) 100vw, 1024px\" \/><\/figure>\n","protected":false},"excerpt":{"rendered":"<p>R\u00e9am\u00e9nagement ext\u00e9rieur et int\u00e9rieur complet et cr\u00e9ation de chiens assis<\/p>\n","protected":false},"author":1,"featured_media":218,"comment_status":"closed","ping_status":"closed","sticky":false,"template":"","format":"standard","meta":{"neve_meta_sidebar":"","neve_meta_container":"","neve_meta_enable_content_width":"","neve_meta_content_width":0,"neve_meta_title_alignment":"","neve_meta_author_avatar":"","neve_post_elements_order":"","neve_meta_disable_header":"","neve_meta_disable_footer":"","neve_meta_disable_title":"","footnotes":""},"categories":[10,15],"tags":[],"class_list":["post-216","post","type-post","status-publish","format-standard","has-post-thumbnail","hentry","category-logement-individuel","category-projets"],"_links":{"self":[{"href":"https:\/\/agence31-architecte.fr\/index.php?rest_route=\/wp\/v2\/posts\/216","targetHints":{"allow":["GET"]}}],"collection":[{"href":"https:\/\/agence31-architecte.fr\/index.php?rest_route=\/wp\/v2\/posts"}],"about":[{"href":"https:\/\/agence31-architecte.fr\/index.php?rest_route=\/wp\/v2\/types\/post"}],"author":[{"embeddable":true,"href":"https:\/\/agence31-architecte.fr\/index.php?rest_route=\/wp\/v2\/users\/1"}],"replies":[{"embeddable":true,"href":"https:\/\/agence31-architecte.fr\/index.php?rest_route=%2Fwp%2Fv2%2Fcomments&post=216"}],"version-history":[{"count":5,"href":"https:\/\/agence31-architecte.fr\/index.php?rest_route=\/wp\/v2\/posts\/216\/revisions"}],"predecessor-version":[{"id":444,"href":"https:\/\/agence31-architecte.fr\/index.php?rest_route=\/wp\/v2\/posts\/216\/revisions\/444"}],"wp:featuredmedia":[{"embeddable":true,"href":"https:\/\/agence31-architecte.fr\/index.php?rest_route=\/wp\/v2\/media\/218"}],"wp:attachment":[{"href":"https:\/\/agence31-architecte.fr\/index.php?rest_route=%2Fwp%2Fv2%2Fmedia&parent=216"}],"wp:term":[{"taxonomy":"category","embeddable":true,"href":"https:\/\/agence31-architecte.fr\/index.php?rest_route=%2Fwp%2Fv2%2Fcategories&post=216"},{"taxonomy":"post_tag","embeddable":true,"href":"https:\/\/agence31-architecte.fr\/index.php?rest_route=%2Fwp%2Fv2%2Ftags&post=216"}],"curies":[{"name":"wp","href":"https:\/\/api.w.org\/{rel}","templated":true}]}}