{"id":248,"date":"2024-03-04T17:12:07","date_gmt":"2024-03-04T16:12:07","guid":{"rendered":"https:\/\/agence31-architecte.fr\/?p=248"},"modified":"2025-06-10T18:02:34","modified_gmt":"2025-06-10T16:02:34","slug":"extension-et-renovation-wambrechies","status":"publish","type":"post","link":"https:\/\/agence31-architecte.fr\/?p=248","title":{"rendered":"Extension et r\u00e9novation \/ WAMBRECHIES"},"content":{"rendered":"\n<ul class=\"wp-block-list\">\n<li><strong>Programme:<\/strong> R\u00e9novation, r\u00e9am\u00e9nagement et extension d&rsquo;une maison <\/li>\n\n\n\n<li><strong>Lieu: <\/strong>WAMBRECHIES (59)<\/li>\n\n\n\n<li><strong>Ma\u00eetre d&rsquo;ouvrage:<\/strong> Priv\u00e9<\/li>\n\n\n\n<li><strong>Missions:<\/strong> Etudes \/ Permis de Construire (Secteur agricole) \/ Chantier<\/li>\n\n\n\n<li><strong>Surface totale:<\/strong> 200m\u00b2<\/li>\n<\/ul>\n\n\n\n<p><\/p>\n\n\n\n<figure class=\"wp-block-image size-large\"><img loading=\"lazy\" decoding=\"async\" width=\"1024\" height=\"683\" src=\"http:\/\/agence31-architecte.fr\/wp-content\/uploads\/2024\/03\/dji_fly_20230823_191334_336_1692811002452_photo-1024x683.jpg\" alt=\"\" class=\"wp-image-277\" srcset=\"https:\/\/agence31-architecte.fr\/wp-content\/uploads\/2024\/03\/dji_fly_20230823_191334_336_1692811002452_photo-1024x683.jpg 1024w, https:\/\/agence31-architecte.fr\/wp-content\/uploads\/2024\/03\/dji_fly_20230823_191334_336_1692811002452_photo-300x200.jpg 300w, https:\/\/agence31-architecte.fr\/wp-content\/uploads\/2024\/03\/dji_fly_20230823_191334_336_1692811002452_photo-768x512.jpg 768w, https:\/\/agence31-architecte.fr\/wp-content\/uploads\/2024\/03\/dji_fly_20230823_191334_336_1692811002452_photo-1536x1024.jpg 1536w, https:\/\/agence31-architecte.fr\/wp-content\/uploads\/2024\/03\/dji_fly_20230823_191334_336_1692811002452_photo-2048x1365.jpg 2048w, https:\/\/agence31-architecte.fr\/wp-content\/uploads\/2024\/03\/dji_fly_20230823_191334_336_1692811002452_photo-930x620.jpg 930w\" sizes=\"auto, (max-width: 1024px) 100vw, 1024px\" \/><\/figure>\n","protected":false},"excerpt":{"rendered":"<p>Extension d&rsquo;une maison en secteur agricole<\/p>\n","protected":false},"author":1,"featured_media":249,"comment_status":"closed","ping_status":"closed","sticky":false,"template":"","format":"standard","meta":{"neve_meta_sidebar":"","neve_meta_container":"","neve_meta_enable_content_width":"","neve_meta_content_width":0,"neve_meta_title_alignment":"","neve_meta_author_avatar":"","neve_post_elements_order":"","neve_meta_disable_header":"","neve_meta_disable_footer":"","neve_meta_disable_title":"","footnotes":""},"categories":[10,15],"tags":[],"class_list":["post-248","post","type-post","status-publish","format-standard","has-post-thumbnail","hentry","category-logement-individuel","category-projets"],"_links":{"self":[{"href":"https:\/\/agence31-architecte.fr\/index.php?rest_route=\/wp\/v2\/posts\/248","targetHints":{"allow":["GET"]}}],"collection":[{"href":"https:\/\/agence31-architecte.fr\/index.php?rest_route=\/wp\/v2\/posts"}],"about":[{"href":"https:\/\/agence31-architecte.fr\/index.php?rest_route=\/wp\/v2\/types\/post"}],"author":[{"embeddable":true,"href":"https:\/\/agence31-architecte.fr\/index.php?rest_route=\/wp\/v2\/users\/1"}],"replies":[{"embeddable":true,"href":"https:\/\/agence31-architecte.fr\/index.php?rest_route=%2Fwp%2Fv2%2Fcomments&post=248"}],"version-history":[{"count":7,"href":"https:\/\/agence31-architecte.fr\/index.php?rest_route=\/wp\/v2\/posts\/248\/revisions"}],"predecessor-version":[{"id":612,"href":"https:\/\/agence31-architecte.fr\/index.php?rest_route=\/wp\/v2\/posts\/248\/revisions\/612"}],"wp:featuredmedia":[{"embeddable":true,"href":"https:\/\/agence31-architecte.fr\/index.php?rest_route=\/wp\/v2\/media\/249"}],"wp:attachment":[{"href":"https:\/\/agence31-architecte.fr\/index.php?rest_route=%2Fwp%2Fv2%2Fmedia&parent=248"}],"wp:term":[{"taxonomy":"category","embeddable":true,"href":"https:\/\/agence31-architecte.fr\/index.php?rest_route=%2Fwp%2Fv2%2Fcategories&post=248"},{"taxonomy":"post_tag","embeddable":true,"href":"https:\/\/agence31-architecte.fr\/index.php?rest_route=%2Fwp%2Fv2%2Ftags&post=248"}],"curies":[{"name":"wp","href":"https:\/\/api.w.org\/{rel}","templated":true}]}}