{"id":325,"date":"2024-03-07T10:19:01","date_gmt":"2024-03-07T09:19:01","guid":{"rendered":"https:\/\/agence31-architecte.fr\/?p=325"},"modified":"2024-05-23T15:10:36","modified_gmt":"2024-05-23T13:10:36","slug":"extension-fleurbaix","status":"publish","type":"post","link":"https:\/\/agence31-architecte.fr\/?p=325","title":{"rendered":"Extension d&rsquo;une ferme \/ FLEURBAIX"},"content":{"rendered":"\n<ul class=\"wp-block-list\">\n<li><strong>Programme:<\/strong> R\u00e9am\u00e9nagement d&rsquo;une maison, r\u00e9habilitation d&rsquo;un hangar, cr\u00e9ation d&rsquo;une extension<\/li>\n\n\n\n<li><strong>Lieu: <\/strong>FLEURBAIX (62)<\/li>\n\n\n\n<li><strong>Ma\u00eetre d&rsquo;ouvrage:<\/strong> Priv\u00e9<\/li>\n\n\n\n<li><strong>Missions:<\/strong> Etudes \/ Permis de Construire (obtention en septembre 2023)<\/li>\n\n\n\n<li><strong>Surface totale:<\/strong> 810 m\u00b2 (logement + hangar)<\/li>\n<\/ul>\n\n\n\n<p>Dans l\u2019optique de transformer les d\u00e9pendances en suite parentale, bureau et salle de jeux, les fa\u00e7ades p\u00e9riph\u00e9riques et int\u00e9rieures Nord-Est et Sud-Ouest seront modifi\u00e9es. Les menuiseries seront remplac\u00e9es par des menuiseries en aluminium de teinte gris anthracite et des fen\u00eatres de toit de m\u00eame teinte seront cr\u00e9\u00e9es sur la toiture principale.<\/p>\n\n\n\n<p>Au rez-de-chauss\u00e9e, certaines ouvertures seront agrandies afin d\u2019assurer un \u00e9clairage naturel suffisant dans les pi\u00e8ces int\u00e9rieures ou de permettre l\u2019acc\u00e8s direct de la pi\u00e8ce de vie \u00e0 la terrasse ext\u00e9rieure.<\/p>\n\n\n\n<p>L\u2019extension sera trait\u00e9e en brique avec un bandeau en zinc aux joints verticaux de teinte rouge terre. De grands coulissants sont implant\u00e9s, c\u00f4t\u00e9 Sud depuis le hangar et de part et d\u2019autre de la terrasse en bois entre la maison existante et le hangar.<\/p>\n\n\n\n<figure class=\"wp-block-image size-large\"><img loading=\"lazy\" decoding=\"async\" width=\"1024\" height=\"428\" src=\"https:\/\/agence31-architecte.fr\/wp-content\/uploads\/2024\/05\/Insertion-fleurbaix-1024x428.jpg\" alt=\"\" class=\"wp-image-475\" srcset=\"https:\/\/agence31-architecte.fr\/wp-content\/uploads\/2024\/05\/Insertion-fleurbaix-1024x428.jpg 1024w, https:\/\/agence31-architecte.fr\/wp-content\/uploads\/2024\/05\/Insertion-fleurbaix-300x125.jpg 300w, https:\/\/agence31-architecte.fr\/wp-content\/uploads\/2024\/05\/Insertion-fleurbaix-768x321.jpg 768w, https:\/\/agence31-architecte.fr\/wp-content\/uploads\/2024\/05\/Insertion-fleurbaix-1536x642.jpg 1536w, https:\/\/agence31-architecte.fr\/wp-content\/uploads\/2024\/05\/Insertion-fleurbaix-2048x856.jpg 2048w\" sizes=\"auto, (max-width: 1024px) 100vw, 1024px\" \/><\/figure>\n","protected":false},"excerpt":{"rendered":"<p>Dans l\u2019optique de transformer les d\u00e9pendances en suite parentale, bureau et salle de jeux, les fa\u00e7ades p\u00e9riph\u00e9riques et int\u00e9rieures Nord-Est et Sud-Ouest seront modifi\u00e9es. Les menuiseries seront remplac\u00e9es par des menuiseries en aluminium de teinte gris anthracite et des fen\u00eatres de toit de m\u00eame teinte seront cr\u00e9\u00e9es sur la toiture principale. Au rez-de-chauss\u00e9e, certaines ouvertures&hellip;&nbsp;<a href=\"https:\/\/agence31-architecte.fr\/?p=325\" class=\"\" rel=\"bookmark\">Lire la suite &raquo;<span class=\"screen-reader-text\">Extension d&rsquo;une ferme \/ FLEURBAIX<\/span><\/a><\/p>\n","protected":false},"author":1,"featured_media":326,"comment_status":"closed","ping_status":"closed","sticky":false,"template":"","format":"standard","meta":{"neve_meta_sidebar":"","neve_meta_container":"","neve_meta_enable_content_width":"","neve_meta_content_width":0,"neve_meta_title_alignment":"","neve_meta_author_avatar":"","neve_post_elements_order":"","neve_meta_disable_header":"","neve_meta_disable_footer":"","neve_meta_disable_title":"","footnotes":""},"categories":[10,15],"tags":[],"class_list":["post-325","post","type-post","status-publish","format-standard","has-post-thumbnail","hentry","category-logement-individuel","category-projets"],"_links":{"self":[{"href":"https:\/\/agence31-architecte.fr\/index.php?rest_route=\/wp\/v2\/posts\/325","targetHints":{"allow":["GET"]}}],"collection":[{"href":"https:\/\/agence31-architecte.fr\/index.php?rest_route=\/wp\/v2\/posts"}],"about":[{"href":"https:\/\/agence31-architecte.fr\/index.php?rest_route=\/wp\/v2\/types\/post"}],"author":[{"embeddable":true,"href":"https:\/\/agence31-architecte.fr\/index.php?rest_route=\/wp\/v2\/users\/1"}],"replies":[{"embeddable":true,"href":"https:\/\/agence31-architecte.fr\/index.php?rest_route=%2Fwp%2Fv2%2Fcomments&post=325"}],"version-history":[{"count":4,"href":"https:\/\/agence31-architecte.fr\/index.php?rest_route=\/wp\/v2\/posts\/325\/revisions"}],"predecessor-version":[{"id":476,"href":"https:\/\/agence31-architecte.fr\/index.php?rest_route=\/wp\/v2\/posts\/325\/revisions\/476"}],"wp:featuredmedia":[{"embeddable":true,"href":"https:\/\/agence31-architecte.fr\/index.php?rest_route=\/wp\/v2\/media\/326"}],"wp:attachment":[{"href":"https:\/\/agence31-architecte.fr\/index.php?rest_route=%2Fwp%2Fv2%2Fmedia&parent=325"}],"wp:term":[{"taxonomy":"category","embeddable":true,"href":"https:\/\/agence31-architecte.fr\/index.php?rest_route=%2Fwp%2Fv2%2Fcategories&post=325"},{"taxonomy":"post_tag","embeddable":true,"href":"https:\/\/agence31-architecte.fr\/index.php?rest_route=%2Fwp%2Fv2%2Ftags&post=325"}],"curies":[{"name":"wp","href":"https:\/\/api.w.org\/{rel}","templated":true}]}}