{"id":33,"date":"2024-05-22T23:28:28","date_gmt":"2024-05-22T21:28:28","guid":{"rendered":"https:\/\/agence31-architecte.fr\/?p=33"},"modified":"2024-05-23T14:54:44","modified_gmt":"2024-05-23T12:54:44","slug":"ferme-au-carre-lompret","status":"publish","type":"post","link":"https:\/\/agence31-architecte.fr\/?p=33","title":{"rendered":"Ferme au carr\u00e9 \/ LOMPRET"},"content":{"rendered":"\n<figure class=\"wp-block-image size-large is-style-default\"><img loading=\"lazy\" decoding=\"async\" width=\"1024\" height=\"683\" src=\"https:\/\/agence31-architecte.fr\/wp-content\/uploads\/2024\/02\/Photo_1080295591_DJI_167_jpg_13727306_0_2022628143026_photo_original-1024x683.jpg\" alt=\"\" class=\"wp-image-34\" srcset=\"https:\/\/agence31-architecte.fr\/wp-content\/uploads\/2024\/02\/Photo_1080295591_DJI_167_jpg_13727306_0_2022628143026_photo_original-1024x683.jpg 1024w, https:\/\/agence31-architecte.fr\/wp-content\/uploads\/2024\/02\/Photo_1080295591_DJI_167_jpg_13727306_0_2022628143026_photo_original-300x200.jpg 300w, https:\/\/agence31-architecte.fr\/wp-content\/uploads\/2024\/02\/Photo_1080295591_DJI_167_jpg_13727306_0_2022628143026_photo_original-768x512.jpg 768w, https:\/\/agence31-architecte.fr\/wp-content\/uploads\/2024\/02\/Photo_1080295591_DJI_167_jpg_13727306_0_2022628143026_photo_original-1536x1024.jpg 1536w, https:\/\/agence31-architecte.fr\/wp-content\/uploads\/2024\/02\/Photo_1080295591_DJI_167_jpg_13727306_0_2022628143026_photo_original-2048x1365.jpg 2048w, https:\/\/agence31-architecte.fr\/wp-content\/uploads\/2024\/02\/Photo_1080295591_DJI_167_jpg_13727306_0_2022628143026_photo_original-930x620.jpg 930w\" sizes=\"auto, (max-width: 1024px) 100vw, 1024px\" \/><\/figure>\n\n\n\n<p class=\"has-text-align-center\"><strong>Chantier en cours<\/strong><\/p>\n\n\n\n<p>Le projet consiste en la r\u00e9novation d&rsquo;un logement au sein d&rsquo;un ancien corps de ferme. Les r\u00e9fections de toitures et des fa\u00e7ades, une extension \u00e0 l&rsquo;arri\u00e8re ainsi qu&rsquo;un r\u00e9am\u00e9nagement complet de la cour int\u00e9rieure redonneront vie \u00e0 cette ferme oubli\u00e9e.<\/p>\n\n\n\n<ul class=\"wp-block-list\">\n<li><strong>Programme:<\/strong> R\u00e9novation et extension de la partie logement &#8211; R\u00e9fection des autres b\u00e2timents <\/li>\n\n\n\n<li><strong>Lieu:<\/strong> LOMPRET (59)<\/li>\n\n\n\n<li><strong>Ma\u00eetre d&rsquo;ouvrage:<\/strong> Priv\u00e9<\/li>\n\n\n\n<li><strong>Missions:<\/strong> Esquisse et Permis de construire (obtention en septembre 2023)<\/li>\n\n\n\n<li><strong>Equipe:<\/strong> Agence 31 architecte \/ Fr\u00e9d\u00e9ric Delmotte paysagiste<\/li>\n\n\n\n<li><strong>Surface totale: <\/strong>1066m\u00b2<\/li>\n<\/ul>\n\n\n\n<figure class=\"wp-block-image size-large\"><img loading=\"lazy\" decoding=\"async\" width=\"1024\" height=\"488\" src=\"http:\/\/agence31-architecte.fr\/wp-content\/uploads\/2024\/02\/dji_fly_20240212_122228_360_1707737131704_photo-scaled-e1709743721261-1024x488.jpg\" alt=\"\" class=\"wp-image-195\" srcset=\"https:\/\/agence31-architecte.fr\/wp-content\/uploads\/2024\/02\/dji_fly_20240212_122228_360_1707737131704_photo-scaled-e1709743721261-1024x488.jpg 1024w, https:\/\/agence31-architecte.fr\/wp-content\/uploads\/2024\/02\/dji_fly_20240212_122228_360_1707737131704_photo-scaled-e1709743721261-300x143.jpg 300w, https:\/\/agence31-architecte.fr\/wp-content\/uploads\/2024\/02\/dji_fly_20240212_122228_360_1707737131704_photo-scaled-e1709743721261-768x366.jpg 768w, https:\/\/agence31-architecte.fr\/wp-content\/uploads\/2024\/02\/dji_fly_20240212_122228_360_1707737131704_photo-scaled-e1709743721261-1536x731.jpg 1536w, https:\/\/agence31-architecte.fr\/wp-content\/uploads\/2024\/02\/dji_fly_20240212_122228_360_1707737131704_photo-scaled-e1709743721261-2048x975.jpg 2048w\" sizes=\"auto, (max-width: 1024px) 100vw, 1024px\" \/><\/figure>\n","protected":false},"excerpt":{"rendered":"<p>R\u00e9novation d&rsquo;un ancien corps de ferme au carr\u00e9<\/p>\n","protected":false},"author":1,"featured_media":34,"comment_status":"closed","ping_status":"closed","sticky":false,"template":"","format":"standard","meta":{"neve_meta_sidebar":"","neve_meta_container":"","neve_meta_enable_content_width":"","neve_meta_content_width":0,"neve_meta_title_alignment":"","neve_meta_author_avatar":"off","neve_post_elements_order":"[\"title\",\"content\",\"tags\",\"comments\"]","neve_meta_disable_header":"","neve_meta_disable_footer":"","neve_meta_disable_title":"","footnotes":""},"categories":[10,15],"tags":[],"class_list":["post-33","post","type-post","status-publish","format-standard","has-post-thumbnail","hentry","category-logement-individuel","category-projets"],"_links":{"self":[{"href":"https:\/\/agence31-architecte.fr\/index.php?rest_route=\/wp\/v2\/posts\/33","targetHints":{"allow":["GET"]}}],"collection":[{"href":"https:\/\/agence31-architecte.fr\/index.php?rest_route=\/wp\/v2\/posts"}],"about":[{"href":"https:\/\/agence31-architecte.fr\/index.php?rest_route=\/wp\/v2\/types\/post"}],"author":[{"embeddable":true,"href":"https:\/\/agence31-architecte.fr\/index.php?rest_route=\/wp\/v2\/users\/1"}],"replies":[{"embeddable":true,"href":"https:\/\/agence31-architecte.fr\/index.php?rest_route=%2Fwp%2Fv2%2Fcomments&post=33"}],"version-history":[{"count":8,"href":"https:\/\/agence31-architecte.fr\/index.php?rest_route=\/wp\/v2\/posts\/33\/revisions"}],"predecessor-version":[{"id":299,"href":"https:\/\/agence31-architecte.fr\/index.php?rest_route=\/wp\/v2\/posts\/33\/revisions\/299"}],"wp:featuredmedia":[{"embeddable":true,"href":"https:\/\/agence31-architecte.fr\/index.php?rest_route=\/wp\/v2\/media\/34"}],"wp:attachment":[{"href":"https:\/\/agence31-architecte.fr\/index.php?rest_route=%2Fwp%2Fv2%2Fmedia&parent=33"}],"wp:term":[{"taxonomy":"category","embeddable":true,"href":"https:\/\/agence31-architecte.fr\/index.php?rest_route=%2Fwp%2Fv2%2Fcategories&post=33"},{"taxonomy":"post_tag","embeddable":true,"href":"https:\/\/agence31-architecte.fr\/index.php?rest_route=%2Fwp%2Fv2%2Ftags&post=33"}],"curies":[{"name":"wp","href":"https:\/\/api.w.org\/{rel}","templated":true}]}}