{"id":335,"date":"2024-03-06T11:00:11","date_gmt":"2024-03-06T10:00:11","guid":{"rendered":"https:\/\/agence31-architecte.fr\/?p=335"},"modified":"2024-11-05T09:49:19","modified_gmt":"2024-11-05T08:49:19","slug":"cabinet-de-gynecologie-marcq-en-baroeul","status":"publish","type":"post","link":"https:\/\/agence31-architecte.fr\/?p=335","title":{"rendered":"Cabinet de gyn\u00e9cologie \/ MARCQ-EN-BAROEUL"},"content":{"rendered":"\n<p class=\"has-text-align-center\"><strong>Chantier r\u00e9ceptionn\u00e9 en juin 2024<\/strong><\/p>\n\n\n\n<ul class=\"wp-block-list\">\n<li><strong>Programme:<\/strong> Cr\u00e9ation d&rsquo;un cabinet m\u00e9dical en RDC d&rsquo;une r\u00e9sidence<\/li>\n\n\n\n<li><strong>Lieu: <\/strong>MARCQ-EN-BAROEUL (59)<\/li>\n\n\n\n<li><strong>Ma\u00eetre d&rsquo;ouvrage:<\/strong> Priv\u00e9<\/li>\n\n\n\n<li><strong>Missions:<\/strong> Etudes \/ Autorisation de travaux ERP \/ Chantier<\/li>\n\n\n\n<li><strong>Equipe:<\/strong> Agence 31 &#8211; <a href=\"https:\/\/www.expressionbois.com\/\" data-type=\"link\" data-id=\"https:\/\/www.expressionbois.com\/\">Expression Bois<\/a><\/li>\n\n\n\n<li><strong>Surface totale:<\/strong> 80 m\u00b2 SP<\/li>\n<\/ul>\n\n\n\n<p><\/p>\n\n\n<div class=\"wp-block-image\">\n<figure class=\"aligncenter size-large\"><img loading=\"lazy\" decoding=\"async\" width=\"1024\" height=\"724\" src=\"https:\/\/agence31-architecte.fr\/wp-content\/uploads\/2024\/03\/CABINET-GYNECOLOGIQUE-DU-CROISE-LAROCHE-EXPRESSION-BOIS-1024x724.jpg\" alt=\"\" class=\"wp-image-433\" srcset=\"https:\/\/agence31-architecte.fr\/wp-content\/uploads\/2024\/03\/CABINET-GYNECOLOGIQUE-DU-CROISE-LAROCHE-EXPRESSION-BOIS-1024x724.jpg 1024w, https:\/\/agence31-architecte.fr\/wp-content\/uploads\/2024\/03\/CABINET-GYNECOLOGIQUE-DU-CROISE-LAROCHE-EXPRESSION-BOIS-300x212.jpg 300w, https:\/\/agence31-architecte.fr\/wp-content\/uploads\/2024\/03\/CABINET-GYNECOLOGIQUE-DU-CROISE-LAROCHE-EXPRESSION-BOIS-768x543.jpg 768w, https:\/\/agence31-architecte.fr\/wp-content\/uploads\/2024\/03\/CABINET-GYNECOLOGIQUE-DU-CROISE-LAROCHE-EXPRESSION-BOIS-1536x1086.jpg 1536w, https:\/\/agence31-architecte.fr\/wp-content\/uploads\/2024\/03\/CABINET-GYNECOLOGIQUE-DU-CROISE-LAROCHE-EXPRESSION-BOIS-2048x1448.jpg 2048w\" sizes=\"auto, (max-width: 1024px) 100vw, 1024px\" \/><figcaption class=\"wp-element-caption\"><strong>Mod\u00e9lisation de l&rsquo;espace d&rsquo;accueil (<a href=\"https:\/\/www.expressionbois.com\/\">Expression Bois Agencement \u00e0 Marcq-en-Baroeul<\/a>)<\/strong><\/figcaption><\/figure>\n<\/div>","protected":false},"excerpt":{"rendered":"<p>Chantier r\u00e9ceptionn\u00e9 en juin 2024<\/p>\n","protected":false},"author":1,"featured_media":426,"comment_status":"closed","ping_status":"closed","sticky":false,"template":"","format":"standard","meta":{"neve_meta_sidebar":"","neve_meta_container":"","neve_meta_enable_content_width":"","neve_meta_content_width":0,"neve_meta_title_alignment":"","neve_meta_author_avatar":"","neve_post_elements_order":"","neve_meta_disable_header":"","neve_meta_disable_footer":"","neve_meta_disable_title":"","footnotes":""},"categories":[13,15],"tags":[],"class_list":["post-335","post","type-post","status-publish","format-standard","has-post-thumbnail","hentry","category-medical","category-projets"],"_links":{"self":[{"href":"https:\/\/agence31-architecte.fr\/index.php?rest_route=\/wp\/v2\/posts\/335","targetHints":{"allow":["GET"]}}],"collection":[{"href":"https:\/\/agence31-architecte.fr\/index.php?rest_route=\/wp\/v2\/posts"}],"about":[{"href":"https:\/\/agence31-architecte.fr\/index.php?rest_route=\/wp\/v2\/types\/post"}],"author":[{"embeddable":true,"href":"https:\/\/agence31-architecte.fr\/index.php?rest_route=\/wp\/v2\/users\/1"}],"replies":[{"embeddable":true,"href":"https:\/\/agence31-architecte.fr\/index.php?rest_route=%2Fwp%2Fv2%2Fcomments&post=335"}],"version-history":[{"count":8,"href":"https:\/\/agence31-architecte.fr\/index.php?rest_route=\/wp\/v2\/posts\/335\/revisions"}],"predecessor-version":[{"id":541,"href":"https:\/\/agence31-architecte.fr\/index.php?rest_route=\/wp\/v2\/posts\/335\/revisions\/541"}],"wp:featuredmedia":[{"embeddable":true,"href":"https:\/\/agence31-architecte.fr\/index.php?rest_route=\/wp\/v2\/media\/426"}],"wp:attachment":[{"href":"https:\/\/agence31-architecte.fr\/index.php?rest_route=%2Fwp%2Fv2%2Fmedia&parent=335"}],"wp:term":[{"taxonomy":"category","embeddable":true,"href":"https:\/\/agence31-architecte.fr\/index.php?rest_route=%2Fwp%2Fv2%2Fcategories&post=335"},{"taxonomy":"post_tag","embeddable":true,"href":"https:\/\/agence31-architecte.fr\/index.php?rest_route=%2Fwp%2Fv2%2Ftags&post=335"}],"curies":[{"name":"wp","href":"https:\/\/api.w.org\/{rel}","templated":true}]}}