{"id":374,"date":"2024-02-15T17:29:01","date_gmt":"2024-02-15T16:29:01","guid":{"rendered":"https:\/\/agence31-architecte.fr\/?p=374"},"modified":"2024-03-08T11:22:04","modified_gmt":"2024-03-08T10:22:04","slug":"renovation-dun-presbytere-estaires","status":"publish","type":"post","link":"https:\/\/agence31-architecte.fr\/?p=374","title":{"rendered":"R\u00e9novation d&rsquo;un presbyt\u00e8re \/ ESTAIRES"},"content":{"rendered":"\n<p class=\"has-text-align-center\"><strong>Chantier en cours<\/strong><\/p>\n\n\n\n<ul class=\"wp-block-list\">\n<li><strong>Programme:<\/strong> Mise au norme de salles paroissiales et r\u00e9novation du logement<\/li>\n\n\n\n<li><strong>Lieu: <\/strong>ESTAIRES (62)<\/li>\n\n\n\n<li><strong>Ma\u00eetre d&rsquo;ouvrage:<\/strong> Dioc\u00e8se de Lille<\/li>\n\n\n\n<li><strong>Missions:<\/strong> Etudes \/ Permis de Construire \/ Chantier<\/li>\n\n\n\n<li><strong>Equipe:<\/strong> Agence 31 architecte \/ ACO<\/li>\n\n\n\n<li><strong>Surface totale:<\/strong> 180 m\u00b2 SP<\/li>\n<\/ul>\n\n\n\n<p>Ces divers volumes existants en RDC vont \u00eatre r\u00e9nov\u00e9s, notamment en toiture, de mani\u00e8re \u00e0 cr\u00e9er un volume de RDC unique, accol\u00e9 au b\u00e2timent principal. Les toitures de ces volumes seront r\u00e9nov\u00e9es en toiture zinc naturel. <\/p>\n\n\n\n<ul class=\"wp-block-list\"><\/ul>\n\n\n\n<figure class=\"wp-block-image size-large\"><img loading=\"lazy\" decoding=\"async\" width=\"1024\" height=\"724\" src=\"https:\/\/agence31-architecte.fr\/wp-content\/uploads\/2024\/03\/facade-ESTAIRES-1024x724.jpg\" alt=\"\" class=\"wp-image-376\" srcset=\"https:\/\/agence31-architecte.fr\/wp-content\/uploads\/2024\/03\/facade-ESTAIRES-1024x724.jpg 1024w, https:\/\/agence31-architecte.fr\/wp-content\/uploads\/2024\/03\/facade-ESTAIRES-300x212.jpg 300w, https:\/\/agence31-architecte.fr\/wp-content\/uploads\/2024\/03\/facade-ESTAIRES-768x543.jpg 768w, https:\/\/agence31-architecte.fr\/wp-content\/uploads\/2024\/03\/facade-ESTAIRES-1536x1086.jpg 1536w, https:\/\/agence31-architecte.fr\/wp-content\/uploads\/2024\/03\/facade-ESTAIRES-2048x1448.jpg 2048w\" sizes=\"auto, (max-width: 1024px) 100vw, 1024px\" \/><\/figure>\n","protected":false},"excerpt":{"rendered":"<p>Chantier en cours Ces divers volumes existants en RDC vont \u00eatre r\u00e9nov\u00e9s, notamment en toiture, de mani\u00e8re \u00e0 cr\u00e9er un volume de RDC unique, accol\u00e9 au b\u00e2timent principal. Les toitures de ces volumes seront r\u00e9nov\u00e9es en toiture zinc naturel.<\/p>\n","protected":false},"author":1,"featured_media":378,"comment_status":"closed","ping_status":"closed","sticky":false,"template":"","format":"standard","meta":{"neve_meta_sidebar":"","neve_meta_container":"","neve_meta_enable_content_width":"","neve_meta_content_width":0,"neve_meta_title_alignment":"","neve_meta_author_avatar":"","neve_post_elements_order":"","neve_meta_disable_header":"","neve_meta_disable_footer":"","neve_meta_disable_title":"","footnotes":""},"categories":[10,15],"tags":[],"class_list":["post-374","post","type-post","status-publish","format-standard","has-post-thumbnail","hentry","category-logement-individuel","category-projets"],"_links":{"self":[{"href":"https:\/\/agence31-architecte.fr\/index.php?rest_route=\/wp\/v2\/posts\/374","targetHints":{"allow":["GET"]}}],"collection":[{"href":"https:\/\/agence31-architecte.fr\/index.php?rest_route=\/wp\/v2\/posts"}],"about":[{"href":"https:\/\/agence31-architecte.fr\/index.php?rest_route=\/wp\/v2\/types\/post"}],"author":[{"embeddable":true,"href":"https:\/\/agence31-architecte.fr\/index.php?rest_route=\/wp\/v2\/users\/1"}],"replies":[{"embeddable":true,"href":"https:\/\/agence31-architecte.fr\/index.php?rest_route=%2Fwp%2Fv2%2Fcomments&post=374"}],"version-history":[{"count":1,"href":"https:\/\/agence31-architecte.fr\/index.php?rest_route=\/wp\/v2\/posts\/374\/revisions"}],"predecessor-version":[{"id":377,"href":"https:\/\/agence31-architecte.fr\/index.php?rest_route=\/wp\/v2\/posts\/374\/revisions\/377"}],"wp:featuredmedia":[{"embeddable":true,"href":"https:\/\/agence31-architecte.fr\/index.php?rest_route=\/wp\/v2\/media\/378"}],"wp:attachment":[{"href":"https:\/\/agence31-architecte.fr\/index.php?rest_route=%2Fwp%2Fv2%2Fmedia&parent=374"}],"wp:term":[{"taxonomy":"category","embeddable":true,"href":"https:\/\/agence31-architecte.fr\/index.php?rest_route=%2Fwp%2Fv2%2Fcategories&post=374"},{"taxonomy":"post_tag","embeddable":true,"href":"https:\/\/agence31-architecte.fr\/index.php?rest_route=%2Fwp%2Fv2%2Ftags&post=374"}],"curies":[{"name":"wp","href":"https:\/\/api.w.org\/{rel}","templated":true}]}}