{"id":447,"date":"2024-04-02T10:25:26","date_gmt":"2024-04-02T08:25:26","guid":{"rendered":"https:\/\/agence31-architecte.fr\/?p=447"},"modified":"2024-04-02T10:25:26","modified_gmt":"2024-04-02T08:25:26","slug":"extension-lys-lez-lannoy","status":"publish","type":"post","link":"https:\/\/agence31-architecte.fr\/?p=447","title":{"rendered":"Extension \/ LYS-LEZ-LANNOY"},"content":{"rendered":"\n<ul class=\"wp-block-list\">\n<li><strong>Programme:<\/strong> R\u00e9novation (r\u00e9fection des toitures et des menuiseries) et extension arri\u00e8re d&rsquo;une maison mitoyenne<\/li>\n\n\n\n<li><strong>Lieu: <\/strong>LYS-LEZ-LANNOY (59)<\/li>\n\n\n\n<li><strong>Ma\u00eetre d&rsquo;ouvrage:<\/strong> Priv\u00e9<\/li>\n\n\n\n<li><strong>Missions:<\/strong> Etudes \/ D\u00e9claration pr\u00e9alable (obtention mars 2024) <\/li>\n\n\n\n<li><strong>Surface totale:<\/strong> 97m\u00b2 SP<\/li>\n<\/ul>\n\n\n\n<p>Il n&rsquo;y a pas de petit projet\u2026 Celui-ci en est la preuve. <\/p>\n\n\n\n<p>Pourvue de nombreuses petites extensions arri\u00e8res ajout\u00e9es au fil des ans, mais aussi tr\u00e8s d\u00e9labr\u00e9e, cette maison mitoyenne ne proposait plus aucun espace de vie de qualit\u00e9 (peu ou pas de lumi\u00e8re, petits espaces traversants\u2026). Afin de retrouver sa fonction de \u00ab\u00a0maison de famille\u00a0\u00bb, ainsi que des espaces int\u00e9rieurs de qualit\u00e9, lumineux, pens\u00e9s et redistribu\u00e9s, il a suffit de cr\u00e9er un volume simple \u00e0 l&rsquo;arri\u00e8re de la maison, tourn\u00e9 vers l&rsquo;ext\u00e9reiur.<\/p>\n\n\n<div class=\"wp-block-image\">\n<figure class=\"aligncenter size-large\"><img loading=\"lazy\" decoding=\"async\" width=\"1024\" height=\"724\" src=\"https:\/\/agence31-architecte.fr\/wp-content\/uploads\/2024\/04\/lys-lez-lannoy-fac1-1024x724.jpg\" alt=\"\" class=\"wp-image-450\" srcset=\"https:\/\/agence31-architecte.fr\/wp-content\/uploads\/2024\/04\/lys-lez-lannoy-fac1-1024x724.jpg 1024w, https:\/\/agence31-architecte.fr\/wp-content\/uploads\/2024\/04\/lys-lez-lannoy-fac1-300x212.jpg 300w, https:\/\/agence31-architecte.fr\/wp-content\/uploads\/2024\/04\/lys-lez-lannoy-fac1-768x543.jpg 768w, https:\/\/agence31-architecte.fr\/wp-content\/uploads\/2024\/04\/lys-lez-lannoy-fac1-1536x1086.jpg 1536w, https:\/\/agence31-architecte.fr\/wp-content\/uploads\/2024\/04\/lys-lez-lannoy-fac1-2048x1448.jpg 2048w\" sizes=\"auto, (max-width: 1024px) 100vw, 1024px\" \/><figcaption class=\"wp-element-caption\"><em>Fa\u00e7ades existantes<\/em><\/figcaption><\/figure>\n<\/div>\n\n<div class=\"wp-block-image\">\n<figure class=\"aligncenter size-large\"><img loading=\"lazy\" decoding=\"async\" width=\"1024\" height=\"724\" src=\"https:\/\/agence31-architecte.fr\/wp-content\/uploads\/2024\/04\/lys-lez-lannoy-fac2-1024x724.jpg\" alt=\"\" class=\"wp-image-451\" srcset=\"https:\/\/agence31-architecte.fr\/wp-content\/uploads\/2024\/04\/lys-lez-lannoy-fac2-1024x724.jpg 1024w, https:\/\/agence31-architecte.fr\/wp-content\/uploads\/2024\/04\/lys-lez-lannoy-fac2-300x212.jpg 300w, https:\/\/agence31-architecte.fr\/wp-content\/uploads\/2024\/04\/lys-lez-lannoy-fac2-768x543.jpg 768w, https:\/\/agence31-architecte.fr\/wp-content\/uploads\/2024\/04\/lys-lez-lannoy-fac2-1536x1086.jpg 1536w, https:\/\/agence31-architecte.fr\/wp-content\/uploads\/2024\/04\/lys-lez-lannoy-fac2-2048x1448.jpg 2048w\" sizes=\"auto, (max-width: 1024px) 100vw, 1024px\" \/><figcaption class=\"wp-element-caption\"><em>Fa\u00e7ades projet<\/em><\/figcaption><\/figure>\n<\/div>","protected":false},"excerpt":{"rendered":"<p>Il n&rsquo;y a pas de petit projet\u2026 Celui-ci en est la preuve. Pourvue de nombreuses petites extensions arri\u00e8res ajout\u00e9es au fil des ans, mais aussi tr\u00e8s d\u00e9labr\u00e9e, cette maison mitoyenne ne proposait plus aucun espace de vie de qualit\u00e9 (peu ou pas de lumi\u00e8re, petits espaces traversants\u2026). Afin de retrouver sa fonction de \u00ab\u00a0maison de&hellip;&nbsp;<a href=\"https:\/\/agence31-architecte.fr\/?p=447\" class=\"\" rel=\"bookmark\">Lire la suite &raquo;<span class=\"screen-reader-text\">Extension \/ LYS-LEZ-LANNOY<\/span><\/a><\/p>\n","protected":false},"author":1,"featured_media":448,"comment_status":"closed","ping_status":"closed","sticky":false,"template":"","format":"standard","meta":{"neve_meta_sidebar":"","neve_meta_container":"","neve_meta_enable_content_width":"","neve_meta_content_width":0,"neve_meta_title_alignment":"","neve_meta_author_avatar":"","neve_post_elements_order":"","neve_meta_disable_header":"","neve_meta_disable_footer":"","neve_meta_disable_title":"","footnotes":""},"categories":[10,15],"tags":[],"class_list":["post-447","post","type-post","status-publish","format-standard","has-post-thumbnail","hentry","category-logement-individuel","category-projets"],"_links":{"self":[{"href":"https:\/\/agence31-architecte.fr\/index.php?rest_route=\/wp\/v2\/posts\/447","targetHints":{"allow":["GET"]}}],"collection":[{"href":"https:\/\/agence31-architecte.fr\/index.php?rest_route=\/wp\/v2\/posts"}],"about":[{"href":"https:\/\/agence31-architecte.fr\/index.php?rest_route=\/wp\/v2\/types\/post"}],"author":[{"embeddable":true,"href":"https:\/\/agence31-architecte.fr\/index.php?rest_route=\/wp\/v2\/users\/1"}],"replies":[{"embeddable":true,"href":"https:\/\/agence31-architecte.fr\/index.php?rest_route=%2Fwp%2Fv2%2Fcomments&post=447"}],"version-history":[{"count":2,"href":"https:\/\/agence31-architecte.fr\/index.php?rest_route=\/wp\/v2\/posts\/447\/revisions"}],"predecessor-version":[{"id":452,"href":"https:\/\/agence31-architecte.fr\/index.php?rest_route=\/wp\/v2\/posts\/447\/revisions\/452"}],"wp:featuredmedia":[{"embeddable":true,"href":"https:\/\/agence31-architecte.fr\/index.php?rest_route=\/wp\/v2\/media\/448"}],"wp:attachment":[{"href":"https:\/\/agence31-architecte.fr\/index.php?rest_route=%2Fwp%2Fv2%2Fmedia&parent=447"}],"wp:term":[{"taxonomy":"category","embeddable":true,"href":"https:\/\/agence31-architecte.fr\/index.php?rest_route=%2Fwp%2Fv2%2Fcategories&post=447"},{"taxonomy":"post_tag","embeddable":true,"href":"https:\/\/agence31-architecte.fr\/index.php?rest_route=%2Fwp%2Fv2%2Ftags&post=447"}],"curies":[{"name":"wp","href":"https:\/\/api.w.org\/{rel}","templated":true}]}}