{"id":453,"date":"2024-04-02T11:50:38","date_gmt":"2024-04-02T09:50:38","guid":{"rendered":"https:\/\/agence31-architecte.fr\/?p=453"},"modified":"2025-01-21T17:53:53","modified_gmt":"2025-01-21T16:53:53","slug":"ancienne-ferme-marquillies","status":"publish","type":"post","link":"https:\/\/agence31-architecte.fr\/?p=453","title":{"rendered":"Ancienne ferme \/ MARQUILLIES"},"content":{"rendered":"\n<p><\/p>\n\n\n\n<ul class=\"wp-block-list\">\n<li><strong>Programme:<\/strong> R\u00e9novation et extension d&rsquo;une ferme abandonn\u00e9e<\/li>\n\n\n\n<li><strong>Lieu: <\/strong>MARQUILLIES (59)<\/li>\n\n\n\n<li><strong>Ma\u00eetre d&rsquo;ouvrage:<\/strong> Priv\u00e9<\/li>\n\n\n\n<li><strong>Missions:<\/strong> Etudes \/ Permis de Construire (obtention en d\u00e9cembre 2023)<\/li>\n\n\n\n<li><strong>Surface totale:<\/strong> 190m\u00b2 SP<\/li>\n<\/ul>\n\n\n\n<p>Le projet pr\u00e9voit une r\u00e9novation de la partie existante en conservant le caract\u00e8re de la ferme<br>c\u00f4t\u00e9 rue. Une extension contemporaine sera r\u00e9alis\u00e9e en partie arri\u00e8re en bardage bois pour s\u2019int\u00e9grer au<br>mieux au paysage v\u00e9g\u00e9tal.<\/p>\n\n\n\n<figure class=\"wp-block-image size-large\"><img loading=\"lazy\" decoding=\"async\" width=\"1024\" height=\"724\" src=\"http:\/\/agence31-architecte.fr\/wp-content\/uploads\/2024\/04\/Marquillies-aerienne2-1024x724.jpg\" alt=\"\" class=\"wp-image-463\" srcset=\"https:\/\/agence31-architecte.fr\/wp-content\/uploads\/2024\/04\/Marquillies-aerienne2-1024x724.jpg 1024w, https:\/\/agence31-architecte.fr\/wp-content\/uploads\/2024\/04\/Marquillies-aerienne2-300x212.jpg 300w, https:\/\/agence31-architecte.fr\/wp-content\/uploads\/2024\/04\/Marquillies-aerienne2-768x543.jpg 768w, https:\/\/agence31-architecte.fr\/wp-content\/uploads\/2024\/04\/Marquillies-aerienne2-1536x1086.jpg 1536w, https:\/\/agence31-architecte.fr\/wp-content\/uploads\/2024\/04\/Marquillies-aerienne2-2048x1448.jpg 2048w\" sizes=\"auto, (max-width: 1024px) 100vw, 1024px\" \/><\/figure>\n\n\n\n<figure class=\"wp-block-image size-large\"><img loading=\"lazy\" decoding=\"async\" width=\"1024\" height=\"724\" src=\"https:\/\/agence31-architecte.fr\/wp-content\/uploads\/2024\/04\/Marquillies-FAC3-1024x724.jpg\" alt=\"\" class=\"wp-image-461\" srcset=\"https:\/\/agence31-architecte.fr\/wp-content\/uploads\/2024\/04\/Marquillies-FAC3-1024x724.jpg 1024w, https:\/\/agence31-architecte.fr\/wp-content\/uploads\/2024\/04\/Marquillies-FAC3-300x212.jpg 300w, https:\/\/agence31-architecte.fr\/wp-content\/uploads\/2024\/04\/Marquillies-FAC3-768x543.jpg 768w, https:\/\/agence31-architecte.fr\/wp-content\/uploads\/2024\/04\/Marquillies-FAC3-1536x1086.jpg 1536w, https:\/\/agence31-architecte.fr\/wp-content\/uploads\/2024\/04\/Marquillies-FAC3-2048x1448.jpg 2048w\" sizes=\"auto, (max-width: 1024px) 100vw, 1024px\" \/><\/figure>\n","protected":false},"excerpt":{"rendered":"<p>Le projet pr\u00e9voit une r\u00e9novation de la partie existante en conservant le caract\u00e8re de la fermec\u00f4t\u00e9 rue. Une extension contemporaine sera r\u00e9alis\u00e9e en partie arri\u00e8re en bardage bois pour s\u2019int\u00e9grer aumieux au paysage v\u00e9g\u00e9tal.<\/p>\n","protected":false},"author":1,"featured_media":462,"comment_status":"closed","ping_status":"closed","sticky":false,"template":"","format":"standard","meta":{"neve_meta_sidebar":"","neve_meta_container":"","neve_meta_enable_content_width":"","neve_meta_content_width":0,"neve_meta_title_alignment":"","neve_meta_author_avatar":"","neve_post_elements_order":"","neve_meta_disable_header":"","neve_meta_disable_footer":"","neve_meta_disable_title":"","footnotes":""},"categories":[10,15],"tags":[],"class_list":["post-453","post","type-post","status-publish","format-standard","has-post-thumbnail","hentry","category-logement-individuel","category-projets"],"_links":{"self":[{"href":"https:\/\/agence31-architecte.fr\/index.php?rest_route=\/wp\/v2\/posts\/453","targetHints":{"allow":["GET"]}}],"collection":[{"href":"https:\/\/agence31-architecte.fr\/index.php?rest_route=\/wp\/v2\/posts"}],"about":[{"href":"https:\/\/agence31-architecte.fr\/index.php?rest_route=\/wp\/v2\/types\/post"}],"author":[{"embeddable":true,"href":"https:\/\/agence31-architecte.fr\/index.php?rest_route=\/wp\/v2\/users\/1"}],"replies":[{"embeddable":true,"href":"https:\/\/agence31-architecte.fr\/index.php?rest_route=%2Fwp%2Fv2%2Fcomments&post=453"}],"version-history":[{"count":4,"href":"https:\/\/agence31-architecte.fr\/index.php?rest_route=\/wp\/v2\/posts\/453\/revisions"}],"predecessor-version":[{"id":570,"href":"https:\/\/agence31-architecte.fr\/index.php?rest_route=\/wp\/v2\/posts\/453\/revisions\/570"}],"wp:featuredmedia":[{"embeddable":true,"href":"https:\/\/agence31-architecte.fr\/index.php?rest_route=\/wp\/v2\/media\/462"}],"wp:attachment":[{"href":"https:\/\/agence31-architecte.fr\/index.php?rest_route=%2Fwp%2Fv2%2Fmedia&parent=453"}],"wp:term":[{"taxonomy":"category","embeddable":true,"href":"https:\/\/agence31-architecte.fr\/index.php?rest_route=%2Fwp%2Fv2%2Fcategories&post=453"},{"taxonomy":"post_tag","embeddable":true,"href":"https:\/\/agence31-architecte.fr\/index.php?rest_route=%2Fwp%2Fv2%2Ftags&post=453"}],"curies":[{"name":"wp","href":"https:\/\/api.w.org\/{rel}","templated":true}]}}