{"id":479,"date":"2024-09-20T14:58:29","date_gmt":"2024-09-20T12:58:29","guid":{"rendered":"https:\/\/agence31-architecte.fr\/?p=479"},"modified":"2025-06-10T17:59:08","modified_gmt":"2025-06-10T15:59:08","slug":"cabinets-medicaux-wasquehal","status":"publish","type":"post","link":"https:\/\/agence31-architecte.fr\/?p=479","title":{"rendered":"Cabinets m\u00e9dicaux \/ WASQUEHAL"},"content":{"rendered":"\n<p class=\"has-text-align-center\"><strong>Chantier en cours<\/strong><\/p>\n\n\n\n<ul class=\"wp-block-list\">\n<li><strong>Programme:<\/strong> 3 plateaux libres pour accueillir des professions lib\u00e9rales, m\u00e9dicales ou param\u00e9dicales<\/li>\n\n\n\n<li><strong>Lieu: <\/strong>WASQUEHAL (59)<\/li>\n\n\n\n<li><strong>Ma\u00eetre d&rsquo;ouvrage:<\/strong> <a href=\"https:\/\/verbatim.immo\/\">VERBATIM<\/a><\/li>\n\n\n\n<li><strong>Missions:<\/strong> Etudes \/ Permis de Construire (obtention en juin 2024) \/ Chantier <\/li>\n\n\n\n<li><strong>Perspectives:<\/strong> Anne-Ga\u00eblle Elin<\/li>\n\n\n\n<li><strong>Surface totale:<\/strong> 290m\u00b2 SP<\/li>\n<\/ul>\n\n\n\n<p>Le projet consiste en la r\u00e9alisation d\u2019un ensemble immobilier comprenant 3 lots distincts \u00e0 l\u2019int\u00e9rieur d\u2019une m\u00eame construction. Un acc\u00e8s v\u00e9g\u00e9talis\u00e9 sera cr\u00e9\u00e9 le long de la limite sud du site, pour desservir le projet de bureaux.<\/p>\n\n\n\n<p>Vues ouvertes vers le dehors, terrasses habit\u00e9es et espaces verts sont les ma\u00eetres mots de cette op\u00e9ration. proposant une \u00e9chelle de \u00ab\u00a0cocon\u00a0\u00bb pour un futur espace de soins.<\/p>\n\n\n\n<figure class=\"wp-block-image size-large\"><img loading=\"lazy\" decoding=\"async\" width=\"1024\" height=\"576\" src=\"https:\/\/agence31-architecte.fr\/wp-content\/uploads\/2024\/09\/wasquehal-pers-cabinet-medical-1024x576.jpg\" alt=\"\" class=\"wp-image-482\" srcset=\"https:\/\/agence31-architecte.fr\/wp-content\/uploads\/2024\/09\/wasquehal-pers-cabinet-medical-1024x576.jpg 1024w, https:\/\/agence31-architecte.fr\/wp-content\/uploads\/2024\/09\/wasquehal-pers-cabinet-medical-300x169.jpg 300w, https:\/\/agence31-architecte.fr\/wp-content\/uploads\/2024\/09\/wasquehal-pers-cabinet-medical-768x432.jpg 768w, https:\/\/agence31-architecte.fr\/wp-content\/uploads\/2024\/09\/wasquehal-pers-cabinet-medical-1536x864.jpg 1536w, https:\/\/agence31-architecte.fr\/wp-content\/uploads\/2024\/09\/wasquehal-pers-cabinet-medical-2048x1152.jpg 2048w\" sizes=\"auto, (max-width: 1024px) 100vw, 1024px\" \/><\/figure>\n\n\n\n<p class=\"has-text-align-center\"><em>Image: Anne-Ga\u00eblle Elin<\/em><\/p>\n\n\n\n<p><\/p>\n","protected":false},"excerpt":{"rendered":"<p>Chantier en cours Le projet consiste en la r\u00e9alisation d\u2019un ensemble immobilier comprenant 3 lots distincts \u00e0 l\u2019int\u00e9rieur d\u2019une m\u00eame construction. Un acc\u00e8s v\u00e9g\u00e9talis\u00e9 sera cr\u00e9\u00e9 le long de la limite sud du site, pour desservir le projet de bureaux. Vues ouvertes vers le dehors, terrasses habit\u00e9es et espaces verts sont les ma\u00eetres mots de&hellip;&nbsp;<a href=\"https:\/\/agence31-architecte.fr\/?p=479\" class=\"\" rel=\"bookmark\">Lire la suite &raquo;<span class=\"screen-reader-text\">Cabinets m\u00e9dicaux \/ WASQUEHAL<\/span><\/a><\/p>\n","protected":false},"author":1,"featured_media":480,"comment_status":"closed","ping_status":"open","sticky":false,"template":"","format":"standard","meta":{"neve_meta_sidebar":"","neve_meta_container":"","neve_meta_enable_content_width":"","neve_meta_content_width":0,"neve_meta_title_alignment":"","neve_meta_author_avatar":"","neve_post_elements_order":"","neve_meta_disable_header":"","neve_meta_disable_footer":"","neve_meta_disable_title":"","footnotes":""},"categories":[12,13,15],"tags":[],"class_list":["post-479","post","type-post","status-publish","format-standard","has-post-thumbnail","hentry","category-activite","category-medical","category-projets"],"_links":{"self":[{"href":"https:\/\/agence31-architecte.fr\/index.php?rest_route=\/wp\/v2\/posts\/479","targetHints":{"allow":["GET"]}}],"collection":[{"href":"https:\/\/agence31-architecte.fr\/index.php?rest_route=\/wp\/v2\/posts"}],"about":[{"href":"https:\/\/agence31-architecte.fr\/index.php?rest_route=\/wp\/v2\/types\/post"}],"author":[{"embeddable":true,"href":"https:\/\/agence31-architecte.fr\/index.php?rest_route=\/wp\/v2\/users\/1"}],"replies":[{"embeddable":true,"href":"https:\/\/agence31-architecte.fr\/index.php?rest_route=%2Fwp%2Fv2%2Fcomments&post=479"}],"version-history":[{"count":4,"href":"https:\/\/agence31-architecte.fr\/index.php?rest_route=\/wp\/v2\/posts\/479\/revisions"}],"predecessor-version":[{"id":610,"href":"https:\/\/agence31-architecte.fr\/index.php?rest_route=\/wp\/v2\/posts\/479\/revisions\/610"}],"wp:featuredmedia":[{"embeddable":true,"href":"https:\/\/agence31-architecte.fr\/index.php?rest_route=\/wp\/v2\/media\/480"}],"wp:attachment":[{"href":"https:\/\/agence31-architecte.fr\/index.php?rest_route=%2Fwp%2Fv2%2Fmedia&parent=479"}],"wp:term":[{"taxonomy":"category","embeddable":true,"href":"https:\/\/agence31-architecte.fr\/index.php?rest_route=%2Fwp%2Fv2%2Fcategories&post=479"},{"taxonomy":"post_tag","embeddable":true,"href":"https:\/\/agence31-architecte.fr\/index.php?rest_route=%2Fwp%2Fv2%2Ftags&post=479"}],"curies":[{"name":"wp","href":"https:\/\/api.w.org\/{rel}","templated":true}]}}