{"id":491,"date":"2024-09-20T10:53:59","date_gmt":"2024-09-20T08:53:59","guid":{"rendered":"https:\/\/agence31-architecte.fr\/?p=491"},"modified":"2024-09-20T17:54:38","modified_gmt":"2024-09-20T15:54:38","slug":"extension-et-renovation-dune-maison-marcq-en-baroeul","status":"publish","type":"post","link":"https:\/\/agence31-architecte.fr\/?p=491","title":{"rendered":"Extension et R\u00e9novation d&rsquo;une maison \/ MARCQ-EN-BAROEUL"},"content":{"rendered":"\n<p class=\"has-text-align-center\"><strong>Chantier r\u00e9ceptionn\u00e9 en 2020<\/strong><\/p>\n\n\n\n<p>Un grand merci pour les photos \u00e0 l&rsquo;agence \u00ab\u00a0<a href=\"https:\/\/www.lespepiteslilloises.com\/\">Les P\u00e9pites Lilloises de Manon<\/a>\u00a0\u00bb <\/p>\n\n\n\n<ul class=\"wp-block-list\">\n<li><strong>Programme:<\/strong> Extension et r\u00e9am\u00e9nagement des espaces int\u00e9rieurs, r\u00e9flexion sur les espaces ext\u00e9rieurs (terrasse, jardin)<\/li>\n\n\n\n<li><strong>Lieu: <\/strong>MARCQ-EN-BAROEUL (59)<\/li>\n\n\n\n<li><strong>Ma\u00eetre d&rsquo;ouvrage:<\/strong> Priv\u00e9<\/li>\n\n\n\n<li><strong>Missions:<\/strong> Compl\u00e8te <\/li>\n\n\n\n<li><strong>Surface totale:<\/strong> 192m\u00b2 SP<\/li>\n<\/ul>\n\n\n\n<figure class=\"wp-block-image size-large\"><img loading=\"lazy\" decoding=\"async\" width=\"1024\" height=\"658\" src=\"https:\/\/agence31-architecte.fr\/wp-content\/uploads\/2024\/09\/MARCQ1-1024x658.jpg\" alt=\"\" class=\"wp-image-494\" srcset=\"https:\/\/agence31-architecte.fr\/wp-content\/uploads\/2024\/09\/MARCQ1-1024x658.jpg 1024w, https:\/\/agence31-architecte.fr\/wp-content\/uploads\/2024\/09\/MARCQ1-300x193.jpg 300w, https:\/\/agence31-architecte.fr\/wp-content\/uploads\/2024\/09\/MARCQ1-768x493.jpg 768w, https:\/\/agence31-architecte.fr\/wp-content\/uploads\/2024\/09\/MARCQ1-1536x987.jpg 1536w, https:\/\/agence31-architecte.fr\/wp-content\/uploads\/2024\/09\/MARCQ1-2048x1316.jpg 2048w\" sizes=\"auto, (max-width: 1024px) 100vw, 1024px\" \/><\/figure>\n\n\n\n<figure class=\"wp-block-image size-large\"><img loading=\"lazy\" decoding=\"async\" width=\"1024\" height=\"659\" src=\"https:\/\/agence31-architecte.fr\/wp-content\/uploads\/2024\/09\/MARCQ2-1024x659.jpg\" alt=\"\" class=\"wp-image-495\" srcset=\"https:\/\/agence31-architecte.fr\/wp-content\/uploads\/2024\/09\/MARCQ2-1024x659.jpg 1024w, https:\/\/agence31-architecte.fr\/wp-content\/uploads\/2024\/09\/MARCQ2-300x193.jpg 300w, https:\/\/agence31-architecte.fr\/wp-content\/uploads\/2024\/09\/MARCQ2-768x494.jpg 768w, https:\/\/agence31-architecte.fr\/wp-content\/uploads\/2024\/09\/MARCQ2-1536x988.jpg 1536w, https:\/\/agence31-architecte.fr\/wp-content\/uploads\/2024\/09\/MARCQ2-2048x1317.jpg 2048w\" sizes=\"auto, (max-width: 1024px) 100vw, 1024px\" \/><\/figure>\n\n\n\n<figure class=\"wp-block-image size-large\"><img loading=\"lazy\" decoding=\"async\" width=\"1024\" height=\"768\" src=\"https:\/\/agence31-architecte.fr\/wp-content\/uploads\/2024\/09\/MARCQ4-1024x768.jpg\" alt=\"\" class=\"wp-image-496\" srcset=\"https:\/\/agence31-architecte.fr\/wp-content\/uploads\/2024\/09\/MARCQ4-1024x768.jpg 1024w, https:\/\/agence31-architecte.fr\/wp-content\/uploads\/2024\/09\/MARCQ4-300x225.jpg 300w, https:\/\/agence31-architecte.fr\/wp-content\/uploads\/2024\/09\/MARCQ4-768x576.jpg 768w, https:\/\/agence31-architecte.fr\/wp-content\/uploads\/2024\/09\/MARCQ4-1536x1152.jpg 1536w, https:\/\/agence31-architecte.fr\/wp-content\/uploads\/2024\/09\/MARCQ4-2048x1536.jpg 2048w\" sizes=\"auto, (max-width: 1024px) 100vw, 1024px\" \/><\/figure>\n\n\n\n<figure class=\"wp-block-image size-large\"><img loading=\"lazy\" decoding=\"async\" width=\"1024\" height=\"659\" src=\"https:\/\/agence31-architecte.fr\/wp-content\/uploads\/2024\/09\/MARCQ7-1024x659.jpg\" alt=\"\" class=\"wp-image-497\" srcset=\"https:\/\/agence31-architecte.fr\/wp-content\/uploads\/2024\/09\/MARCQ7-1024x659.jpg 1024w, https:\/\/agence31-architecte.fr\/wp-content\/uploads\/2024\/09\/MARCQ7-300x193.jpg 300w, https:\/\/agence31-architecte.fr\/wp-content\/uploads\/2024\/09\/MARCQ7-768x495.jpg 768w, https:\/\/agence31-architecte.fr\/wp-content\/uploads\/2024\/09\/MARCQ7-1536x989.jpg 1536w, https:\/\/agence31-architecte.fr\/wp-content\/uploads\/2024\/09\/MARCQ7-2048x1319.jpg 2048w\" sizes=\"auto, (max-width: 1024px) 100vw, 1024px\" \/><\/figure>\n\n\n\n<p class=\"has-text-align-center\">Cr\u00e9dit photos: <a href=\"https:\/\/www.lespepiteslilloises.com\/\">Les P\u00e9pites Lilloises de Manon<\/a><\/p>\n\n\n\n<p><\/p>\n","protected":false},"excerpt":{"rendered":"<p>Chantier r\u00e9ceptionn\u00e9 en 2020 Un grand merci pour les photos \u00e0 l&rsquo;agence \u00ab\u00a0Les P\u00e9pites Lilloises de Manon\u00a0\u00bb Cr\u00e9dit photos: Les P\u00e9pites Lilloises de Manon<\/p>\n","protected":false},"author":1,"featured_media":492,"comment_status":"closed","ping_status":"open","sticky":false,"template":"","format":"standard","meta":{"neve_meta_sidebar":"","neve_meta_container":"","neve_meta_enable_content_width":"","neve_meta_content_width":0,"neve_meta_title_alignment":"","neve_meta_author_avatar":"","neve_post_elements_order":"","neve_meta_disable_header":"","neve_meta_disable_footer":"","neve_meta_disable_title":"","footnotes":""},"categories":[10,15],"tags":[],"class_list":["post-491","post","type-post","status-publish","format-standard","has-post-thumbnail","hentry","category-logement-individuel","category-projets"],"_links":{"self":[{"href":"https:\/\/agence31-architecte.fr\/index.php?rest_route=\/wp\/v2\/posts\/491","targetHints":{"allow":["GET"]}}],"collection":[{"href":"https:\/\/agence31-architecte.fr\/index.php?rest_route=\/wp\/v2\/posts"}],"about":[{"href":"https:\/\/agence31-architecte.fr\/index.php?rest_route=\/wp\/v2\/types\/post"}],"author":[{"embeddable":true,"href":"https:\/\/agence31-architecte.fr\/index.php?rest_route=\/wp\/v2\/users\/1"}],"replies":[{"embeddable":true,"href":"https:\/\/agence31-architecte.fr\/index.php?rest_route=%2Fwp%2Fv2%2Fcomments&post=491"}],"version-history":[{"count":3,"href":"https:\/\/agence31-architecte.fr\/index.php?rest_route=\/wp\/v2\/posts\/491\/revisions"}],"predecessor-version":[{"id":499,"href":"https:\/\/agence31-architecte.fr\/index.php?rest_route=\/wp\/v2\/posts\/491\/revisions\/499"}],"wp:featuredmedia":[{"embeddable":true,"href":"https:\/\/agence31-architecte.fr\/index.php?rest_route=\/wp\/v2\/media\/492"}],"wp:attachment":[{"href":"https:\/\/agence31-architecte.fr\/index.php?rest_route=%2Fwp%2Fv2%2Fmedia&parent=491"}],"wp:term":[{"taxonomy":"category","embeddable":true,"href":"https:\/\/agence31-architecte.fr\/index.php?rest_route=%2Fwp%2Fv2%2Fcategories&post=491"},{"taxonomy":"post_tag","embeddable":true,"href":"https:\/\/agence31-architecte.fr\/index.php?rest_route=%2Fwp%2Fv2%2Ftags&post=491"}],"curies":[{"name":"wp","href":"https:\/\/api.w.org\/{rel}","templated":true}]}}