{"id":509,"date":"2024-11-01T10:33:43","date_gmt":"2024-11-01T09:33:43","guid":{"rendered":"https:\/\/agence31-architecte.fr\/?p=509"},"modified":"2025-04-07T13:23:45","modified_gmt":"2025-04-07T11:23:45","slug":"renovation-dun-ancien-corps-de-ferme-lambersart","status":"publish","type":"post","link":"https:\/\/agence31-architecte.fr\/?p=509","title":{"rendered":"R\u00e9novation d&rsquo;un ancien corps de ferme &#8211; LAMBERSART"},"content":{"rendered":"\n<p class=\"has-text-align-center\"><strong>Projet rest\u00e9 \u00e0 l&rsquo;\u00e9tat d&rsquo;esquisse<\/strong><\/p>\n\n\n\n<ul class=\"wp-block-list\">\n<li><strong>Programme:<\/strong> R\u00e9novation compl\u00e8te d&rsquo;un corps de ferme en \u00e9tat de ruines<\/li>\n\n\n\n<li><strong>Lieu: <\/strong>LAMBERSART (59)<\/li>\n\n\n\n<li><strong>Ma\u00eetre d&rsquo;ouvrage:<\/strong> priv\u00e9<\/li>\n\n\n\n<li><strong>Missions:<\/strong> Etudes<\/li>\n<\/ul>\n\n\n\n<figure class=\"wp-block-image size-large\"><img loading=\"lazy\" decoding=\"async\" width=\"1024\" height=\"421\" src=\"http:\/\/agence31-architecte.fr\/wp-content\/uploads\/2024\/10\/Lambersart-1024x421.jpg\" alt=\"\" class=\"wp-image-521\" srcset=\"https:\/\/agence31-architecte.fr\/wp-content\/uploads\/2024\/10\/Lambersart-1024x421.jpg 1024w, https:\/\/agence31-architecte.fr\/wp-content\/uploads\/2024\/10\/Lambersart-300x123.jpg 300w, https:\/\/agence31-architecte.fr\/wp-content\/uploads\/2024\/10\/Lambersart-768x316.jpg 768w, https:\/\/agence31-architecte.fr\/wp-content\/uploads\/2024\/10\/Lambersart-1536x632.jpg 1536w, https:\/\/agence31-architecte.fr\/wp-content\/uploads\/2024\/10\/Lambersart-2048x842.jpg 2048w\" sizes=\"auto, (max-width: 1024px) 100vw, 1024px\" \/><\/figure>\n","protected":false},"excerpt":{"rendered":"<p>Projet rest\u00e9 \u00e0 l&rsquo;\u00e9tat d&rsquo;esquisse<\/p>\n","protected":false},"author":1,"featured_media":542,"comment_status":"closed","ping_status":"open","sticky":false,"template":"","format":"standard","meta":{"neve_meta_sidebar":"","neve_meta_container":"","neve_meta_enable_content_width":"","neve_meta_content_width":0,"neve_meta_title_alignment":"","neve_meta_author_avatar":"","neve_post_elements_order":"","neve_meta_disable_header":"","neve_meta_disable_footer":"","neve_meta_disable_title":"","footnotes":""},"categories":[10,15],"tags":[],"class_list":["post-509","post","type-post","status-publish","format-standard","has-post-thumbnail","hentry","category-logement-individuel","category-projets"],"_links":{"self":[{"href":"https:\/\/agence31-architecte.fr\/index.php?rest_route=\/wp\/v2\/posts\/509","targetHints":{"allow":["GET"]}}],"collection":[{"href":"https:\/\/agence31-architecte.fr\/index.php?rest_route=\/wp\/v2\/posts"}],"about":[{"href":"https:\/\/agence31-architecte.fr\/index.php?rest_route=\/wp\/v2\/types\/post"}],"author":[{"embeddable":true,"href":"https:\/\/agence31-architecte.fr\/index.php?rest_route=\/wp\/v2\/users\/1"}],"replies":[{"embeddable":true,"href":"https:\/\/agence31-architecte.fr\/index.php?rest_route=%2Fwp%2Fv2%2Fcomments&post=509"}],"version-history":[{"count":5,"href":"https:\/\/agence31-architecte.fr\/index.php?rest_route=\/wp\/v2\/posts\/509\/revisions"}],"predecessor-version":[{"id":543,"href":"https:\/\/agence31-architecte.fr\/index.php?rest_route=\/wp\/v2\/posts\/509\/revisions\/543"}],"wp:featuredmedia":[{"embeddable":true,"href":"https:\/\/agence31-architecte.fr\/index.php?rest_route=\/wp\/v2\/media\/542"}],"wp:attachment":[{"href":"https:\/\/agence31-architecte.fr\/index.php?rest_route=%2Fwp%2Fv2%2Fmedia&parent=509"}],"wp:term":[{"taxonomy":"category","embeddable":true,"href":"https:\/\/agence31-architecte.fr\/index.php?rest_route=%2Fwp%2Fv2%2Fcategories&post=509"},{"taxonomy":"post_tag","embeddable":true,"href":"https:\/\/agence31-architecte.fr\/index.php?rest_route=%2Fwp%2Fv2%2Ftags&post=509"}],"curies":[{"name":"wp","href":"https:\/\/api.w.org\/{rel}","templated":true}]}}