{"id":524,"date":"2024-11-04T17:27:29","date_gmt":"2024-11-04T16:27:29","guid":{"rendered":"https:\/\/agence31-architecte.fr\/?p=524"},"modified":"2025-01-21T17:34:05","modified_gmt":"2025-01-21T16:34:05","slug":"extension-dune-maison-de-ville-la-madeleine","status":"publish","type":"post","link":"https:\/\/agence31-architecte.fr\/?p=524","title":{"rendered":"Extension d&rsquo;une maison de ville  \/ LA MADELEINE"},"content":{"rendered":"\n<p class=\"has-text-align-center\">Chantier r\u00e9alis\u00e9 par EGS Construction<\/p>\n\n\n\n<ul class=\"wp-block-list\">\n<li><strong>Programme:<\/strong> Extension du logement via remplacement d&rsquo;une ancienne v\u00e9randa par une extension, cr\u00e9ation d&rsquo;une lucarne et cr\u00e9ation d&rsquo;une terrasse sur\u00e9lev\u00e9e<\/li>\n\n\n\n<li><strong>Lieu: <\/strong>LA MADELEINE (59)<\/li>\n\n\n\n<li><strong>Ma\u00eetre d&rsquo;ouvrage<\/strong>: priv\u00e9<\/li>\n\n\n\n<li><strong>Missions:<\/strong> Etudes \/ D\u00e9claration pr\u00e9alable et Permis de D\u00e9molir (obtention en mars 2023)<\/li>\n\n\n\n<li><strong>Equipe:<\/strong> Agence 31 architecte<\/li>\n\n\n\n<li><strong>Travaux: <\/strong><a href=\"https:\/\/egs.fr\/\">EGS construction<\/a><\/li>\n\n\n\n<li><strong>Surface totale:<\/strong> 111 m\u00b2 SP<\/li>\n<\/ul>\n\n\n<div class=\"wp-block-image\">\n<figure class=\"aligncenter size-large\"><img loading=\"lazy\" decoding=\"async\" width=\"1024\" height=\"383\" src=\"https:\/\/agence31-architecte.fr\/wp-content\/uploads\/2024\/11\/LA-MADELEINE-VUE1-1024x383.jpg\" alt=\"\" class=\"wp-image-532\" srcset=\"https:\/\/agence31-architecte.fr\/wp-content\/uploads\/2024\/11\/LA-MADELEINE-VUE1-1024x383.jpg 1024w, https:\/\/agence31-architecte.fr\/wp-content\/uploads\/2024\/11\/LA-MADELEINE-VUE1-300x112.jpg 300w, https:\/\/agence31-architecte.fr\/wp-content\/uploads\/2024\/11\/LA-MADELEINE-VUE1-768x287.jpg 768w, https:\/\/agence31-architecte.fr\/wp-content\/uploads\/2024\/11\/LA-MADELEINE-VUE1-1536x574.jpg 1536w, https:\/\/agence31-architecte.fr\/wp-content\/uploads\/2024\/11\/LA-MADELEINE-VUE1-2048x766.jpg 2048w\" sizes=\"auto, (max-width: 1024px) 100vw, 1024px\" \/><figcaption class=\"wp-element-caption\"><em>Fa\u00e7ade arri\u00e8re Avant et Apr\u00e8s travaux<\/em><\/figcaption><\/figure>\n<\/div>\n\n<div class=\"wp-block-image\">\n<figure class=\"aligncenter size-large\"><img loading=\"lazy\" decoding=\"async\" width=\"1024\" height=\"769\" src=\"https:\/\/agence31-architecte.fr\/wp-content\/uploads\/2024\/11\/LA-MADELEINE-VUE2-1024x769.jpg\" alt=\"\" class=\"wp-image-533\" srcset=\"https:\/\/agence31-architecte.fr\/wp-content\/uploads\/2024\/11\/LA-MADELEINE-VUE2-1024x769.jpg 1024w, https:\/\/agence31-architecte.fr\/wp-content\/uploads\/2024\/11\/LA-MADELEINE-VUE2-300x225.jpg 300w, https:\/\/agence31-architecte.fr\/wp-content\/uploads\/2024\/11\/LA-MADELEINE-VUE2-768x577.jpg 768w, https:\/\/agence31-architecte.fr\/wp-content\/uploads\/2024\/11\/LA-MADELEINE-VUE2-1536x1154.jpg 1536w, https:\/\/agence31-architecte.fr\/wp-content\/uploads\/2024\/11\/LA-MADELEINE-VUE2-2048x1538.jpg 2048w\" sizes=\"auto, (max-width: 1024px) 100vw, 1024px\" \/><figcaption class=\"wp-element-caption\">Photos int\u00e9rieures avant travaux<em> &#8211; Cr\u00e9dit photos EGS Construction<\/em> &#8211;<\/figcaption><\/figure>\n<\/div>\n\n<div class=\"wp-block-image\">\n<figure class=\"aligncenter size-large\"><img loading=\"lazy\" decoding=\"async\" width=\"1024\" height=\"769\" src=\"https:\/\/agence31-architecte.fr\/wp-content\/uploads\/2024\/11\/LA-MADELEINE-VUE3-1024x769.jpg\" alt=\"\" class=\"wp-image-534\" srcset=\"https:\/\/agence31-architecte.fr\/wp-content\/uploads\/2024\/11\/LA-MADELEINE-VUE3-1024x769.jpg 1024w, https:\/\/agence31-architecte.fr\/wp-content\/uploads\/2024\/11\/LA-MADELEINE-VUE3-300x225.jpg 300w, https:\/\/agence31-architecte.fr\/wp-content\/uploads\/2024\/11\/LA-MADELEINE-VUE3-768x577.jpg 768w, https:\/\/agence31-architecte.fr\/wp-content\/uploads\/2024\/11\/LA-MADELEINE-VUE3-1536x1154.jpg 1536w, https:\/\/agence31-architecte.fr\/wp-content\/uploads\/2024\/11\/LA-MADELEINE-VUE3-2048x1538.jpg 2048w\" sizes=\"auto, (max-width: 1024px) 100vw, 1024px\" \/><figcaption class=\"wp-element-caption\"><em>Photos int\u00e9rieures apr\u00e8s travaux &#8211; Cr\u00e9dit photos EGS Construction &#8211;<\/em><\/figcaption><\/figure>\n<\/div>\n\n<div class=\"wp-block-image\">\n<figure class=\"aligncenter size-large\"><img loading=\"lazy\" decoding=\"async\" width=\"1024\" height=\"769\" src=\"https:\/\/agence31-architecte.fr\/wp-content\/uploads\/2024\/11\/LA-MADELEINE-VUE4-1024x769.jpg\" alt=\"\" class=\"wp-image-535\" srcset=\"https:\/\/agence31-architecte.fr\/wp-content\/uploads\/2024\/11\/LA-MADELEINE-VUE4-1024x769.jpg 1024w, https:\/\/agence31-architecte.fr\/wp-content\/uploads\/2024\/11\/LA-MADELEINE-VUE4-300x225.jpg 300w, https:\/\/agence31-architecte.fr\/wp-content\/uploads\/2024\/11\/LA-MADELEINE-VUE4-768x577.jpg 768w, https:\/\/agence31-architecte.fr\/wp-content\/uploads\/2024\/11\/LA-MADELEINE-VUE4-1536x1154.jpg 1536w, https:\/\/agence31-architecte.fr\/wp-content\/uploads\/2024\/11\/LA-MADELEINE-VUE4-2048x1538.jpg 2048w\" sizes=\"auto, (max-width: 1024px) 100vw, 1024px\" \/><figcaption class=\"wp-element-caption\">Entr\u00e9e et cuisine apr\u00e8s travaux <em>&#8211; Cr\u00e9dit photos EGS Construction &#8211;<\/em><\/figcaption><\/figure>\n<\/div>\n\n\n<p><\/p>\n","protected":false},"excerpt":{"rendered":"<p>Chantier r\u00e9alis\u00e9 par EGS Construction<\/p>\n","protected":false},"author":1,"featured_media":537,"comment_status":"closed","ping_status":"open","sticky":false,"template":"","format":"standard","meta":{"neve_meta_sidebar":"","neve_meta_container":"","neve_meta_enable_content_width":"","neve_meta_content_width":0,"neve_meta_title_alignment":"","neve_meta_author_avatar":"","neve_post_elements_order":"","neve_meta_disable_header":"","neve_meta_disable_footer":"","neve_meta_disable_title":"","footnotes":""},"categories":[10,15],"tags":[],"class_list":["post-524","post","type-post","status-publish","format-standard","has-post-thumbnail","hentry","category-logement-individuel","category-projets"],"_links":{"self":[{"href":"https:\/\/agence31-architecte.fr\/index.php?rest_route=\/wp\/v2\/posts\/524","targetHints":{"allow":["GET"]}}],"collection":[{"href":"https:\/\/agence31-architecte.fr\/index.php?rest_route=\/wp\/v2\/posts"}],"about":[{"href":"https:\/\/agence31-architecte.fr\/index.php?rest_route=\/wp\/v2\/types\/post"}],"author":[{"embeddable":true,"href":"https:\/\/agence31-architecte.fr\/index.php?rest_route=\/wp\/v2\/users\/1"}],"replies":[{"embeddable":true,"href":"https:\/\/agence31-architecte.fr\/index.php?rest_route=%2Fwp%2Fv2%2Fcomments&post=524"}],"version-history":[{"count":5,"href":"https:\/\/agence31-architecte.fr\/index.php?rest_route=\/wp\/v2\/posts\/524\/revisions"}],"predecessor-version":[{"id":553,"href":"https:\/\/agence31-architecte.fr\/index.php?rest_route=\/wp\/v2\/posts\/524\/revisions\/553"}],"wp:featuredmedia":[{"embeddable":true,"href":"https:\/\/agence31-architecte.fr\/index.php?rest_route=\/wp\/v2\/media\/537"}],"wp:attachment":[{"href":"https:\/\/agence31-architecte.fr\/index.php?rest_route=%2Fwp%2Fv2%2Fmedia&parent=524"}],"wp:term":[{"taxonomy":"category","embeddable":true,"href":"https:\/\/agence31-architecte.fr\/index.php?rest_route=%2Fwp%2Fv2%2Fcategories&post=524"},{"taxonomy":"post_tag","embeddable":true,"href":"https:\/\/agence31-architecte.fr\/index.php?rest_route=%2Fwp%2Fv2%2Ftags&post=524"}],"curies":[{"name":"wp","href":"https:\/\/api.w.org\/{rel}","templated":true}]}}