{"id":550,"date":"2025-01-21T17:39:35","date_gmt":"2025-01-21T16:39:35","guid":{"rendered":"https:\/\/agence31-architecte.fr\/?p=550"},"modified":"2025-06-10T18:00:43","modified_gmt":"2025-06-10T16:00:43","slug":"extension-dune-maison-individuelle-marcq-en-baroeul","status":"publish","type":"post","link":"https:\/\/agence31-architecte.fr\/?p=550","title":{"rendered":"Extension d&rsquo;une maison individuelle \/ MARCQ-EN-BAROEUL"},"content":{"rendered":"\n<p class=\"has-text-align-center\"><strong>Permis obtenu en janvier 202<\/strong>5<\/p>\n\n\n\n<ul class=\"wp-block-list\">\n<li><strong>Programme:<\/strong> Extension d&rsquo;un salon et cr\u00e9ation d&rsquo;une suite parentale<\/li>\n\n\n\n<li><strong>Lieu: <\/strong>MARCQ-EN-BAROEUL (59)<\/li>\n\n\n\n<li><strong>Ma\u00eetre d&rsquo;ouvrage:<\/strong> priv\u00e9<\/li>\n\n\n\n<li><strong>Missions:<\/strong> Etudes \/ Permis de Construire (obtention en janvier 2025)<\/li>\n\n\n\n<li><strong>Surface cr\u00e9\u00e9e:<\/strong> 44 m\u00b2 SP<\/li>\n<\/ul>\n\n\n\n<p>Le projet pr\u00e9voit une extension sur la partie gauche de la maison, en lieu et place de l\u2019acc\u00e8s au jardin arri\u00e8re et l\u2019abri en fond de parcelle, en mitoyennet\u00e9. Un passage pi\u00e9ton sera conserv\u00e9 (syst\u00e8me de porche ferm\u00e9 par des portes pleines devant et<br>derri\u00e8re), maintenant ainsi un acc\u00e8s facile au fond de parcelle (poubelles, tondeuse\u2026).<\/p>\n\n\n\n<p>Une suite parentale, sur deux niveaux, prendre place dans ce nouveau volume.<\/p>\n\n\n\n<figure class=\"wp-block-image size-large\"><img loading=\"lazy\" decoding=\"async\" width=\"1024\" height=\"463\" src=\"http:\/\/agence31-architecte.fr\/wp-content\/uploads\/2025\/01\/Vue2-1024x463.jpg\" alt=\"\" class=\"wp-image-551\" srcset=\"https:\/\/agence31-architecte.fr\/wp-content\/uploads\/2025\/01\/Vue2-1024x463.jpg 1024w, https:\/\/agence31-architecte.fr\/wp-content\/uploads\/2025\/01\/Vue2-300x136.jpg 300w, https:\/\/agence31-architecte.fr\/wp-content\/uploads\/2025\/01\/Vue2-768x347.jpg 768w, https:\/\/agence31-architecte.fr\/wp-content\/uploads\/2025\/01\/Vue2-1536x695.jpg 1536w, https:\/\/agence31-architecte.fr\/wp-content\/uploads\/2025\/01\/Vue2-2048x927.jpg 2048w\" sizes=\"auto, (max-width: 1024px) 100vw, 1024px\" \/><\/figure>\n","protected":false},"excerpt":{"rendered":"<p>Permis obtenu en janvier 2025 Le projet pr\u00e9voit une extension sur la partie gauche de la maison, en lieu et place de l\u2019acc\u00e8s au jardin arri\u00e8re et l\u2019abri en fond de parcelle, en mitoyennet\u00e9. Un passage pi\u00e9ton sera conserv\u00e9 (syst\u00e8me de porche ferm\u00e9 par des portes pleines devant etderri\u00e8re), maintenant ainsi un acc\u00e8s facile au&hellip;&nbsp;<a href=\"https:\/\/agence31-architecte.fr\/?p=550\" class=\"\" rel=\"bookmark\">Lire la suite &raquo;<span class=\"screen-reader-text\">Extension d&rsquo;une maison individuelle \/ MARCQ-EN-BAROEUL<\/span><\/a><\/p>\n","protected":false},"author":1,"featured_media":554,"comment_status":"closed","ping_status":"open","sticky":false,"template":"","format":"standard","meta":{"neve_meta_sidebar":"","neve_meta_container":"","neve_meta_enable_content_width":"","neve_meta_content_width":0,"neve_meta_title_alignment":"","neve_meta_author_avatar":"","neve_post_elements_order":"","neve_meta_disable_header":"","neve_meta_disable_footer":"","neve_meta_disable_title":"","footnotes":""},"categories":[10,15],"tags":[],"class_list":["post-550","post","type-post","status-publish","format-standard","has-post-thumbnail","hentry","category-logement-individuel","category-projets"],"_links":{"self":[{"href":"https:\/\/agence31-architecte.fr\/index.php?rest_route=\/wp\/v2\/posts\/550","targetHints":{"allow":["GET"]}}],"collection":[{"href":"https:\/\/agence31-architecte.fr\/index.php?rest_route=\/wp\/v2\/posts"}],"about":[{"href":"https:\/\/agence31-architecte.fr\/index.php?rest_route=\/wp\/v2\/types\/post"}],"author":[{"embeddable":true,"href":"https:\/\/agence31-architecte.fr\/index.php?rest_route=\/wp\/v2\/users\/1"}],"replies":[{"embeddable":true,"href":"https:\/\/agence31-architecte.fr\/index.php?rest_route=%2Fwp%2Fv2%2Fcomments&post=550"}],"version-history":[{"count":4,"href":"https:\/\/agence31-architecte.fr\/index.php?rest_route=\/wp\/v2\/posts\/550\/revisions"}],"predecessor-version":[{"id":611,"href":"https:\/\/agence31-architecte.fr\/index.php?rest_route=\/wp\/v2\/posts\/550\/revisions\/611"}],"wp:featuredmedia":[{"embeddable":true,"href":"https:\/\/agence31-architecte.fr\/index.php?rest_route=\/wp\/v2\/media\/554"}],"wp:attachment":[{"href":"https:\/\/agence31-architecte.fr\/index.php?rest_route=%2Fwp%2Fv2%2Fmedia&parent=550"}],"wp:term":[{"taxonomy":"category","embeddable":true,"href":"https:\/\/agence31-architecte.fr\/index.php?rest_route=%2Fwp%2Fv2%2Fcategories&post=550"},{"taxonomy":"post_tag","embeddable":true,"href":"https:\/\/agence31-architecte.fr\/index.php?rest_route=%2Fwp%2Fv2%2Ftags&post=550"}],"curies":[{"name":"wp","href":"https:\/\/api.w.org\/{rel}","templated":true}]}}