{"id":61,"date":"2024-05-20T22:19:46","date_gmt":"2024-05-20T20:19:46","guid":{"rendered":"https:\/\/agence31-architecte.fr\/?p=61"},"modified":"2025-06-10T17:58:40","modified_gmt":"2025-06-10T15:58:40","slug":"21-logements-fleurbaix","status":"publish","type":"post","link":"https:\/\/agence31-architecte.fr\/?p=61","title":{"rendered":"21 logements \/ FLEURBAIX"},"content":{"rendered":"\n<figure class=\"wp-block-image size-large\"><img loading=\"lazy\" decoding=\"async\" width=\"1024\" height=\"576\" src=\"https:\/\/agence31-architecte.fr\/wp-content\/uploads\/2024\/02\/PERS-FLEURBAIX-2-1024x576.jpg\" alt=\"\" class=\"wp-image-115\" srcset=\"https:\/\/agence31-architecte.fr\/wp-content\/uploads\/2024\/02\/PERS-FLEURBAIX-2-1024x576.jpg 1024w, https:\/\/agence31-architecte.fr\/wp-content\/uploads\/2024\/02\/PERS-FLEURBAIX-2-300x169.jpg 300w, https:\/\/agence31-architecte.fr\/wp-content\/uploads\/2024\/02\/PERS-FLEURBAIX-2-768x432.jpg 768w, https:\/\/agence31-architecte.fr\/wp-content\/uploads\/2024\/02\/PERS-FLEURBAIX-2-1536x864.jpg 1536w, https:\/\/agence31-architecte.fr\/wp-content\/uploads\/2024\/02\/PERS-FLEURBAIX-2-2048x1152.jpg 2048w\" sizes=\"auto, (max-width: 1024px) 100vw, 1024px\" \/><\/figure>\n\n\n\n<p class=\"has-text-align-center\"><strong>Chantier en cours<\/strong><\/p>\n\n\n\n<ul class=\"wp-block-list\">\n<li><strong>Programme:<\/strong> 17 logements collectifs et 4 maisons individuelles<\/li>\n\n\n\n<li><strong>Lieu: <\/strong>FLEURBAIX (62)<\/li>\n\n\n\n<li><strong>Ma\u00eetre d&rsquo;ouvrage:<\/strong> <a href=\"https:\/\/verbatim.immo\/\">VERBATIM<\/a><\/li>\n\n\n\n<li><strong>Missions:<\/strong> Etudes \/ Permis de Construire (obtention en d\u00e9cembre 2023) \/ Suivi architectural<\/li>\n\n\n\n<li><strong>Equipe:<\/strong> Agence 31 architecte \/ <a href=\"https:\/\/agenceland.com\/\">Agence Land<\/a> (paysagiste) \/ <a href=\"https:\/\/profil-ingenierie.fr\/\">Profil Ing\u00e9nierie<\/a><\/li>\n\n\n\n<li><strong>Surface totale:<\/strong> 1500m\u00b2 SP<\/li>\n<\/ul>\n\n\n\n<p>L\u2019implantation des b\u00e2timents laisse une large place \u00e0 un espace paysag\u00e9 et arbor\u00e9 bien expos\u00e9, au Sud.<br>Les logements, pens\u00e9s pour bien vivre et inond\u00e9s de lumi\u00e8re, b\u00e9n\u00e9ficient tous d\u2019un espace ext\u00e9rieur. Les maisons disposent de jardins continus entre l\u2019avant et l\u2019arri\u00e8re, et chaque appartement en RDC de l\u2019immeuble s\u2019ouvre sur un jardin privatif. Aux \u00e9tages, balcons et terrasses prolongent les logements sur l\u2019environnement verdoyant.<br>Les volumes et les mat\u00e9riaux se conjuguent pour proposer une lecture contemporaine de l\u2019architecture typique du Nord.<\/p>\n\n\n\n<figure class=\"wp-block-image size-large\"><img loading=\"lazy\" decoding=\"async\" width=\"1024\" height=\"724\" src=\"https:\/\/agence31-architecte.fr\/wp-content\/uploads\/2024\/02\/23-02-27-PAYSAGE-FLEURBAIX-A3-1024x724.jpg\" alt=\"\" class=\"wp-image-116\" srcset=\"https:\/\/agence31-architecte.fr\/wp-content\/uploads\/2024\/02\/23-02-27-PAYSAGE-FLEURBAIX-A3-1024x724.jpg 1024w, https:\/\/agence31-architecte.fr\/wp-content\/uploads\/2024\/02\/23-02-27-PAYSAGE-FLEURBAIX-A3-300x212.jpg 300w, https:\/\/agence31-architecte.fr\/wp-content\/uploads\/2024\/02\/23-02-27-PAYSAGE-FLEURBAIX-A3-768x543.jpg 768w, https:\/\/agence31-architecte.fr\/wp-content\/uploads\/2024\/02\/23-02-27-PAYSAGE-FLEURBAIX-A3-1536x1086.jpg 1536w, https:\/\/agence31-architecte.fr\/wp-content\/uploads\/2024\/02\/23-02-27-PAYSAGE-FLEURBAIX-A3-2048x1448.jpg 2048w\" sizes=\"auto, (max-width: 1024px) 100vw, 1024px\" \/><\/figure>\n\n\n\n<figure class=\"wp-block-image size-large\"><img loading=\"lazy\" decoding=\"async\" width=\"1024\" height=\"683\" src=\"http:\/\/agence31-architecte.fr\/wp-content\/uploads\/2024\/05\/dji_fly_20241217_112456_617_1734431262194_photo-1024x683.jpg\" alt=\"\" class=\"wp-image-545\" srcset=\"https:\/\/agence31-architecte.fr\/wp-content\/uploads\/2024\/05\/dji_fly_20241217_112456_617_1734431262194_photo-1024x683.jpg 1024w, https:\/\/agence31-architecte.fr\/wp-content\/uploads\/2024\/05\/dji_fly_20241217_112456_617_1734431262194_photo-300x200.jpg 300w, https:\/\/agence31-architecte.fr\/wp-content\/uploads\/2024\/05\/dji_fly_20241217_112456_617_1734431262194_photo-768x512.jpg 768w, https:\/\/agence31-architecte.fr\/wp-content\/uploads\/2024\/05\/dji_fly_20241217_112456_617_1734431262194_photo-1536x1024.jpg 1536w, https:\/\/agence31-architecte.fr\/wp-content\/uploads\/2024\/05\/dji_fly_20241217_112456_617_1734431262194_photo-2048x1365.jpg 2048w, https:\/\/agence31-architecte.fr\/wp-content\/uploads\/2024\/05\/dji_fly_20241217_112456_617_1734431262194_photo-930x620.jpg 930w\" sizes=\"auto, (max-width: 1024px) 100vw, 1024px\" \/><\/figure>\n\n\n\n<p class=\"has-text-align-center\">Chantier en cours &#8211; D\u00e9cembre 2024<\/p>\n\n\n\n<p><\/p>\n","protected":false},"excerpt":{"rendered":"<p>Quatre maisons et b\u00e2timent collectif neufs<\/p>\n","protected":false},"author":1,"featured_media":91,"comment_status":"closed","ping_status":"closed","sticky":false,"template":"","format":"standard","meta":{"neve_meta_sidebar":"","neve_meta_container":"","neve_meta_enable_content_width":"","neve_meta_content_width":0,"neve_meta_title_alignment":"","neve_meta_author_avatar":"","neve_post_elements_order":"[\"title\",\"content\",\"tags\",\"comments\"]","neve_meta_disable_header":"","neve_meta_disable_footer":"","neve_meta_disable_title":"","footnotes":""},"categories":[11,10,15],"tags":[],"class_list":["post-61","post","type-post","status-publish","format-standard","has-post-thumbnail","hentry","category-logement-collectif","category-logement-individuel","category-projets"],"_links":{"self":[{"href":"https:\/\/agence31-architecte.fr\/index.php?rest_route=\/wp\/v2\/posts\/61","targetHints":{"allow":["GET"]}}],"collection":[{"href":"https:\/\/agence31-architecte.fr\/index.php?rest_route=\/wp\/v2\/posts"}],"about":[{"href":"https:\/\/agence31-architecte.fr\/index.php?rest_route=\/wp\/v2\/types\/post"}],"author":[{"embeddable":true,"href":"https:\/\/agence31-architecte.fr\/index.php?rest_route=\/wp\/v2\/users\/1"}],"replies":[{"embeddable":true,"href":"https:\/\/agence31-architecte.fr\/index.php?rest_route=%2Fwp%2Fv2%2Fcomments&post=61"}],"version-history":[{"count":15,"href":"https:\/\/agence31-architecte.fr\/index.php?rest_route=\/wp\/v2\/posts\/61\/revisions"}],"predecessor-version":[{"id":609,"href":"https:\/\/agence31-architecte.fr\/index.php?rest_route=\/wp\/v2\/posts\/61\/revisions\/609"}],"wp:featuredmedia":[{"embeddable":true,"href":"https:\/\/agence31-architecte.fr\/index.php?rest_route=\/wp\/v2\/media\/91"}],"wp:attachment":[{"href":"https:\/\/agence31-architecte.fr\/index.php?rest_route=%2Fwp%2Fv2%2Fmedia&parent=61"}],"wp:term":[{"taxonomy":"category","embeddable":true,"href":"https:\/\/agence31-architecte.fr\/index.php?rest_route=%2Fwp%2Fv2%2Fcategories&post=61"},{"taxonomy":"post_tag","embeddable":true,"href":"https:\/\/agence31-architecte.fr\/index.php?rest_route=%2Fwp%2Fv2%2Ftags&post=61"}],"curies":[{"name":"wp","href":"https:\/\/api.w.org\/{rel}","templated":true}]}}