{"id":631,"date":"2025-06-24T17:24:19","date_gmt":"2025-06-24T15:24:19","guid":{"rendered":"https:\/\/agence31-architecte.fr\/?p=631"},"modified":"2025-06-24T17:26:00","modified_gmt":"2025-06-24T15:26:00","slug":"extension-mons-en-baroeul","status":"publish","type":"post","link":"https:\/\/agence31-architecte.fr\/?p=631","title":{"rendered":"Extension \/ MONS-EN-BAROEUL"},"content":{"rendered":"\n<p class=\"has-text-align-center\"><strong>D\u00e9claration pr\u00e9alable obtenue en juin 2025<\/strong><\/p>\n\n\n\n<ul class=\"wp-block-list\">\n<li><strong>Programme:<\/strong> Cr\u00e9ation d&rsquo;un chien assis en fa\u00e7ade arri\u00e8re pour cr\u00e9ation d&rsquo;une chambre<\/li>\n\n\n\n<li><strong>Lieu: <\/strong>MONS-EN-BAROEUL<\/li>\n\n\n\n<li><strong>Ma\u00eetre d&rsquo;ouvrage:<\/strong> priv\u00e9<\/li>\n\n\n\n<li><strong>Mission:<\/strong> D\u00e9claration pr\u00e9alable<\/li>\n\n\n\n<li><strong>Surface totale:<\/strong> 9m\u00b2 SP<\/li>\n<\/ul>\n\n\n\n<figure class=\"wp-block-image size-large\"><img loading=\"lazy\" decoding=\"async\" width=\"1024\" height=\"576\" src=\"http:\/\/agence31-architecte.fr\/wp-content\/uploads\/2025\/06\/1-seule-grande-bis-TUILES-ENDUIT-1024x576.png\" alt=\"\" class=\"wp-image-634\" srcset=\"https:\/\/agence31-architecte.fr\/wp-content\/uploads\/2025\/06\/1-seule-grande-bis-TUILES-ENDUIT-1024x576.png 1024w, https:\/\/agence31-architecte.fr\/wp-content\/uploads\/2025\/06\/1-seule-grande-bis-TUILES-ENDUIT-300x169.png 300w, https:\/\/agence31-architecte.fr\/wp-content\/uploads\/2025\/06\/1-seule-grande-bis-TUILES-ENDUIT-768x432.png 768w, https:\/\/agence31-architecte.fr\/wp-content\/uploads\/2025\/06\/1-seule-grande-bis-TUILES-ENDUIT-1536x864.png 1536w, https:\/\/agence31-architecte.fr\/wp-content\/uploads\/2025\/06\/1-seule-grande-bis-TUILES-ENDUIT.png 1920w\" sizes=\"auto, (max-width: 1024px) 100vw, 1024px\" \/><\/figure>\n","protected":false},"excerpt":{"rendered":"<p>D\u00e9claration pr\u00e9alable obtenue en juin 2025<\/p>\n","protected":false},"author":1,"featured_media":632,"comment_status":"closed","ping_status":"open","sticky":false,"template":"","format":"standard","meta":{"neve_meta_sidebar":"","neve_meta_container":"","neve_meta_enable_content_width":"","neve_meta_content_width":0,"neve_meta_title_alignment":"","neve_meta_author_avatar":"","neve_post_elements_order":"","neve_meta_disable_header":"","neve_meta_disable_footer":"","neve_meta_disable_title":"","footnotes":""},"categories":[10,15],"tags":[],"class_list":["post-631","post","type-post","status-publish","format-standard","has-post-thumbnail","hentry","category-logement-individuel","category-projets"],"_links":{"self":[{"href":"https:\/\/agence31-architecte.fr\/index.php?rest_route=\/wp\/v2\/posts\/631","targetHints":{"allow":["GET"]}}],"collection":[{"href":"https:\/\/agence31-architecte.fr\/index.php?rest_route=\/wp\/v2\/posts"}],"about":[{"href":"https:\/\/agence31-architecte.fr\/index.php?rest_route=\/wp\/v2\/types\/post"}],"author":[{"embeddable":true,"href":"https:\/\/agence31-architecte.fr\/index.php?rest_route=\/wp\/v2\/users\/1"}],"replies":[{"embeddable":true,"href":"https:\/\/agence31-architecte.fr\/index.php?rest_route=%2Fwp%2Fv2%2Fcomments&post=631"}],"version-history":[{"count":3,"href":"https:\/\/agence31-architecte.fr\/index.php?rest_route=\/wp\/v2\/posts\/631\/revisions"}],"predecessor-version":[{"id":637,"href":"https:\/\/agence31-architecte.fr\/index.php?rest_route=\/wp\/v2\/posts\/631\/revisions\/637"}],"wp:featuredmedia":[{"embeddable":true,"href":"https:\/\/agence31-architecte.fr\/index.php?rest_route=\/wp\/v2\/media\/632"}],"wp:attachment":[{"href":"https:\/\/agence31-architecte.fr\/index.php?rest_route=%2Fwp%2Fv2%2Fmedia&parent=631"}],"wp:term":[{"taxonomy":"category","embeddable":true,"href":"https:\/\/agence31-architecte.fr\/index.php?rest_route=%2Fwp%2Fv2%2Fcategories&post=631"},{"taxonomy":"post_tag","embeddable":true,"href":"https:\/\/agence31-architecte.fr\/index.php?rest_route=%2Fwp%2Fv2%2Ftags&post=631"}],"curies":[{"name":"wp","href":"https:\/\/api.w.org\/{rel}","templated":true}]}}