{"id":677,"date":"2026-01-09T15:16:27","date_gmt":"2026-01-09T14:16:27","guid":{"rendered":"https:\/\/agence31-architecte.fr\/?p=677"},"modified":"2026-01-09T16:29:34","modified_gmt":"2026-01-09T15:29:34","slug":"maison-individuelle-marcq-en-baroeul","status":"publish","type":"post","link":"https:\/\/agence31-architecte.fr\/?p=677","title":{"rendered":"Maison individuelle \/ MARCQ-EN-BAROEUL"},"content":{"rendered":"\n<p class=\"has-text-align-center\"><strong>PC obtenu en d\u00e9cembre 2025<\/strong><\/p>\n\n\n\n<ul class=\"wp-block-list\">\n<li><strong>Programme:<\/strong> Construction d&rsquo;une maison individuelle<\/li>\n\n\n\n<li><strong>Lieu: <\/strong>MARCQ-EN-BAROEUL (59)<\/li>\n\n\n\n<li><strong>Ma\u00eetre d&rsquo;ouvrage:<\/strong> priv\u00e9<\/li>\n\n\n\n<li><strong>Surface totale:<\/strong> 190 m\u00b2 SP<\/li>\n<\/ul>\n\n\n\n<p>Le b\u00e2timent s\u2019implante en retrait par rapport \u00e0 la voie, dans un souci d\u2019harmonie, afin de respecter l\u2019alignement avec la maison voisine.<br>Afin d\u2019optimiser au mieux la parcelle \u00e9troite et en longueur, la maison est de forme simple. Le volume rectangle pr\u00e9sente son plus petit c\u00f4t\u00e9 \u00e0 l\u2019espace public. La zone d\u2019accueil dans la partie du terrain c\u00f4t\u00e9 rue est plus min\u00e9rale. L\u2019arri\u00e8re de la parcelle se d\u00e9veloppe en jardin. On rentre dans la maison en son milieu, par le c\u00f4t\u00e9. Afin de r\u00e9pondre \u00e0 l\u2019environnement existant, la maison propose une toiture traditionnelle en tuiles, \u00e0 2 pans. Les tuiles se retournent sur une partie de la fa\u00e7ade de l\u2019\u00e9tage. Cette \u00e9criture plus contemporaine permet d\u2019implanter des fen\u00eatres d\u2019angle de toit dans les chambres de l\u2019\u00e9tage tout en optimisant la gestion des eaux pluviales en proposant une seule goutti\u00e8re qui file pour souligner l\u2019horizontalit\u00e9.<\/p>\n\n\n\n<figure class=\"wp-block-image size-large\"><img loading=\"lazy\" decoding=\"async\" width=\"1024\" height=\"576\" src=\"https:\/\/agence31-architecte.fr\/wp-content\/uploads\/2026\/01\/Image5-1024x576.jpg\" alt=\"\" class=\"wp-image-679\" srcset=\"https:\/\/agence31-architecte.fr\/wp-content\/uploads\/2026\/01\/Image5-1024x576.jpg 1024w, https:\/\/agence31-architecte.fr\/wp-content\/uploads\/2026\/01\/Image5-300x169.jpg 300w, https:\/\/agence31-architecte.fr\/wp-content\/uploads\/2026\/01\/Image5-768x432.jpg 768w, https:\/\/agence31-architecte.fr\/wp-content\/uploads\/2026\/01\/Image5-1536x864.jpg 1536w, https:\/\/agence31-architecte.fr\/wp-content\/uploads\/2026\/01\/Image5.jpg 1920w\" sizes=\"auto, (max-width: 1024px) 100vw, 1024px\" \/><\/figure>\n","protected":false},"excerpt":{"rendered":"<p>PC obtenu en d\u00e9cembre 2025 Le b\u00e2timent s\u2019implante en retrait par rapport \u00e0 la voie, dans un souci d\u2019harmonie, afin de respecter l\u2019alignement avec la maison voisine.Afin d\u2019optimiser au mieux la parcelle \u00e9troite et en longueur, la maison est de forme simple. Le volume rectangle pr\u00e9sente son plus petit c\u00f4t\u00e9 \u00e0 l\u2019espace public. La zone&hellip;&nbsp;<a href=\"https:\/\/agence31-architecte.fr\/?p=677\" class=\"\" rel=\"bookmark\">Lire la suite &raquo;<span class=\"screen-reader-text\">Maison individuelle \/ MARCQ-EN-BAROEUL<\/span><\/a><\/p>\n","protected":false},"author":1,"featured_media":678,"comment_status":"closed","ping_status":"open","sticky":false,"template":"","format":"standard","meta":{"neve_meta_sidebar":"","neve_meta_container":"","neve_meta_enable_content_width":"","neve_meta_content_width":0,"neve_meta_title_alignment":"","neve_meta_author_avatar":"","neve_post_elements_order":"","neve_meta_disable_header":"","neve_meta_disable_footer":"","neve_meta_disable_title":"","footnotes":""},"categories":[10,15],"tags":[],"class_list":["post-677","post","type-post","status-publish","format-standard","has-post-thumbnail","hentry","category-logement-individuel","category-projets"],"_links":{"self":[{"href":"https:\/\/agence31-architecte.fr\/index.php?rest_route=\/wp\/v2\/posts\/677","targetHints":{"allow":["GET"]}}],"collection":[{"href":"https:\/\/agence31-architecte.fr\/index.php?rest_route=\/wp\/v2\/posts"}],"about":[{"href":"https:\/\/agence31-architecte.fr\/index.php?rest_route=\/wp\/v2\/types\/post"}],"author":[{"embeddable":true,"href":"https:\/\/agence31-architecte.fr\/index.php?rest_route=\/wp\/v2\/users\/1"}],"replies":[{"embeddable":true,"href":"https:\/\/agence31-architecte.fr\/index.php?rest_route=%2Fwp%2Fv2%2Fcomments&post=677"}],"version-history":[{"count":2,"href":"https:\/\/agence31-architecte.fr\/index.php?rest_route=\/wp\/v2\/posts\/677\/revisions"}],"predecessor-version":[{"id":699,"href":"https:\/\/agence31-architecte.fr\/index.php?rest_route=\/wp\/v2\/posts\/677\/revisions\/699"}],"wp:featuredmedia":[{"embeddable":true,"href":"https:\/\/agence31-architecte.fr\/index.php?rest_route=\/wp\/v2\/media\/678"}],"wp:attachment":[{"href":"https:\/\/agence31-architecte.fr\/index.php?rest_route=%2Fwp%2Fv2%2Fmedia&parent=677"}],"wp:term":[{"taxonomy":"category","embeddable":true,"href":"https:\/\/agence31-architecte.fr\/index.php?rest_route=%2Fwp%2Fv2%2Fcategories&post=677"},{"taxonomy":"post_tag","embeddable":true,"href":"https:\/\/agence31-architecte.fr\/index.php?rest_route=%2Fwp%2Fv2%2Ftags&post=677"}],"curies":[{"name":"wp","href":"https:\/\/api.w.org\/{rel}","templated":true}]}}