{"id":691,"date":"2026-03-17T16:27:52","date_gmt":"2026-03-17T15:27:52","guid":{"rendered":"https:\/\/agence31-architecte.fr\/?p=691"},"modified":"2026-03-17T16:52:10","modified_gmt":"2026-03-17T15:52:10","slug":"extension-dune-longere-linselles","status":"publish","type":"post","link":"https:\/\/agence31-architecte.fr\/?p=691","title":{"rendered":"Extension d&rsquo;une long\u00e8re \/ LINSELLES"},"content":{"rendered":"\n<p class=\"has-text-align-center\"><strong>DP obtenue en janvier 2026<\/strong><\/p>\n\n\n\n<ul class=\"wp-block-list\">\n<li><strong>Programme:<\/strong> Cr\u00e9ation d&rsquo;une suite parentale en RDC<\/li>\n\n\n\n<li><strong>Lieu: <\/strong>LINSELLES (59)<\/li>\n\n\n\n<li><strong>Ma\u00eetre d&rsquo;ouvrage:<\/strong> priv\u00e9e<\/li>\n\n\n\n<li><strong>Missions:<\/strong> Etudes \/ D\u00e9claration pr\u00e9alable \/ Chantier<\/li>\n\n\n\n<li><strong>Surface totale:<\/strong> 18 m\u00b2 SP<\/li>\n<\/ul>\n\n\n\n<p>L\u2019extension se glisse sous la goutti\u00e8re existante, de mani\u00e8re \u00e0 ne pas perturber la construction. Le nouveau volume se veut en tuiles, et non en toit terrasse, pour conserver son identit\u00e9 de long\u00e8re et de maison \u00ab sous pente \u00bb . L\u2019extension permet de cr\u00e9er une chambre en RDC, avec son dressing, en fond de jardin.<br>Le choix s\u2019est port\u00e9 sur la m\u00eame tuile que celle existante. Le volume r\u00e9sulte de la pente minimum admissible sur ce mat\u00e9riau (15 degr\u00e9s) et d\u2019une surface suffisante pour l\u2019ajout d\u2019une chambre.<\/p>\n\n\n\n<figure class=\"wp-block-image size-large\"><img loading=\"lazy\" decoding=\"async\" width=\"1024\" height=\"576\" src=\"https:\/\/agence31-architecte.fr\/wp-content\/uploads\/2026\/01\/Image1_000-1024x576.jpg\" alt=\"\" class=\"wp-image-693\" srcset=\"https:\/\/agence31-architecte.fr\/wp-content\/uploads\/2026\/01\/Image1_000-1024x576.jpg 1024w, https:\/\/agence31-architecte.fr\/wp-content\/uploads\/2026\/01\/Image1_000-300x169.jpg 300w, https:\/\/agence31-architecte.fr\/wp-content\/uploads\/2026\/01\/Image1_000-768x432.jpg 768w, https:\/\/agence31-architecte.fr\/wp-content\/uploads\/2026\/01\/Image1_000-1536x864.jpg 1536w, https:\/\/agence31-architecte.fr\/wp-content\/uploads\/2026\/01\/Image1_000-2048x1152.jpg 2048w\" sizes=\"auto, (max-width: 1024px) 100vw, 1024px\" \/><\/figure>\n\n\n\n<figure class=\"wp-block-image size-large\"><img loading=\"lazy\" decoding=\"async\" width=\"1024\" height=\"576\" src=\"https:\/\/agence31-architecte.fr\/wp-content\/uploads\/2026\/01\/Image4_000-1024x576.jpg\" alt=\"\" class=\"wp-image-694\" srcset=\"https:\/\/agence31-architecte.fr\/wp-content\/uploads\/2026\/01\/Image4_000-1024x576.jpg 1024w, https:\/\/agence31-architecte.fr\/wp-content\/uploads\/2026\/01\/Image4_000-300x169.jpg 300w, https:\/\/agence31-architecte.fr\/wp-content\/uploads\/2026\/01\/Image4_000-768x432.jpg 768w, https:\/\/agence31-architecte.fr\/wp-content\/uploads\/2026\/01\/Image4_000-1536x864.jpg 1536w, https:\/\/agence31-architecte.fr\/wp-content\/uploads\/2026\/01\/Image4_000-2048x1152.jpg 2048w\" sizes=\"auto, (max-width: 1024px) 100vw, 1024px\" \/><\/figure>\n","protected":false},"excerpt":{"rendered":"<p>DP obtenue en janvier 2026 L\u2019extension se glisse sous la goutti\u00e8re existante, de mani\u00e8re \u00e0 ne pas perturber la construction. Le nouveau volume se veut en tuiles, et non en toit terrasse, pour conserver son identit\u00e9 de long\u00e8re et de maison \u00ab sous pente \u00bb . L\u2019extension permet de cr\u00e9er une chambre en RDC, avec&hellip;&nbsp;<a href=\"https:\/\/agence31-architecte.fr\/?p=691\" class=\"\" rel=\"bookmark\">Lire la suite &raquo;<span class=\"screen-reader-text\">Extension d&rsquo;une long\u00e8re \/ LINSELLES<\/span><\/a><\/p>\n","protected":false},"author":1,"featured_media":692,"comment_status":"closed","ping_status":"open","sticky":false,"template":"","format":"standard","meta":{"neve_meta_sidebar":"","neve_meta_container":"","neve_meta_enable_content_width":"","neve_meta_content_width":0,"neve_meta_title_alignment":"","neve_meta_author_avatar":"","neve_post_elements_order":"","neve_meta_disable_header":"","neve_meta_disable_footer":"","neve_meta_disable_title":"","footnotes":""},"categories":[10,15],"tags":[],"class_list":["post-691","post","type-post","status-publish","format-standard","has-post-thumbnail","hentry","category-logement-individuel","category-projets"],"_links":{"self":[{"href":"https:\/\/agence31-architecte.fr\/index.php?rest_route=\/wp\/v2\/posts\/691","targetHints":{"allow":["GET"]}}],"collection":[{"href":"https:\/\/agence31-architecte.fr\/index.php?rest_route=\/wp\/v2\/posts"}],"about":[{"href":"https:\/\/agence31-architecte.fr\/index.php?rest_route=\/wp\/v2\/types\/post"}],"author":[{"embeddable":true,"href":"https:\/\/agence31-architecte.fr\/index.php?rest_route=\/wp\/v2\/users\/1"}],"replies":[{"embeddable":true,"href":"https:\/\/agence31-architecte.fr\/index.php?rest_route=%2Fwp%2Fv2%2Fcomments&post=691"}],"version-history":[{"count":3,"href":"https:\/\/agence31-architecte.fr\/index.php?rest_route=\/wp\/v2\/posts\/691\/revisions"}],"predecessor-version":[{"id":698,"href":"https:\/\/agence31-architecte.fr\/index.php?rest_route=\/wp\/v2\/posts\/691\/revisions\/698"}],"wp:featuredmedia":[{"embeddable":true,"href":"https:\/\/agence31-architecte.fr\/index.php?rest_route=\/wp\/v2\/media\/692"}],"wp:attachment":[{"href":"https:\/\/agence31-architecte.fr\/index.php?rest_route=%2Fwp%2Fv2%2Fmedia&parent=691"}],"wp:term":[{"taxonomy":"category","embeddable":true,"href":"https:\/\/agence31-architecte.fr\/index.php?rest_route=%2Fwp%2Fv2%2Fcategories&post=691"},{"taxonomy":"post_tag","embeddable":true,"href":"https:\/\/agence31-architecte.fr\/index.php?rest_route=%2Fwp%2Fv2%2Ftags&post=691"}],"curies":[{"name":"wp","href":"https:\/\/api.w.org\/{rel}","templated":true}]}}